{"id":3315,"date":"2023-10-26T14:28:23","date_gmt":"2023-10-26T12:28:23","guid":{"rendered":"https:\/\/arctom.pl\/?p=3315"},"modified":"2023-12-12T15:51:50","modified_gmt":"2023-12-12T14:51:50","slug":"targi-dla-dostawcow-leroy-merlin-w-paryzu-razem-z-arctom","status":"publish","type":"post","link":"https:\/\/arctom.pl\/fr\/blog\/targi-dla-dostawcow-leroy-merlin-w-paryzu-razem-z-arctom\/","title":{"rendered":"Targi dla dostawc\u00f3w Leroy Merlin w Pary\u017cu razem z Arctom"},"content":{"rendered":"<p>Francuska sie\u0107 hipermarket\u00f3w bran\u017cy budowlanej &#8211; Leroy Merlin co roku organizuje w Pary\u017cu wielkie targi dla swoich dostawc\u00f3w. Event organizowany jest na du\u017cej dzielonej hali, a firma Arctom jako\u00a0<strong>dostawca zadasze\u0144 nad drzwi<\/strong>\u00a0dla klient\u00f3w Leroy Merlin bra\u0142a udzia\u0142 w tym wydarzeniu.<\/p>\n<p>Ogromna hala w Pary\u017cu zosta\u0142a podzielona na dwie g\u0142\u00f3wne cz\u0119\u015bci: \u201ecuisine\u201d i \u201emenuiserie\u201d, czyli odpowiednio kuchnie i stolarstwo. W bie\u017c\u0105cym 2019 roku swoje produkty eksponowa\u0142o ok. 130 firm, a w\u015br\u00f3d nich nie zabrak\u0142o<strong>\u00a0firmy Arctom \u2013 producenta daszk\u00f3w nad drzwi z poliw\u0119glanu<\/strong>.\u00a0 Nazwa \u201eArctom\u201d sugeruje \u0142uki, kt\u00f3rych kszta\u0142t by\u0142 inspiracj\u0105 do tworzenia daszk\u00f3w. To oni jako pierwsi wpadli na pomys\u0142 konstrukcji\u00a0<strong>innowacyjnych daszk\u00f3w nad drzwi<\/strong>, kt\u00f3re dzi\u0119ki nim nabra\u0142y lekko\u015bci i elegancji.<\/p>\n<h3>Innowacyjna konstrukcja daszk\u00f3w nad drzwi<\/h3>\n<p>Wcze\u015bniejsze\u00a0<strong>zadaszenia drzwi wej\u015bciowych<\/strong>\u00a0czy\u00a0<strong>zadaszenia taras\u00f3w<\/strong>\u00a0produkowane by\u0142y z topornych materia\u0142\u00f3w. Firma Arctom zrewolucjonizowa\u0142a rynek, proponuj\u0105c\u00a0<strong>rozwi\u0105zania oparte o<\/strong>\u00a0<strong>poliw\u0119glan<\/strong>.\u00a0 Od tej pory\u00a0<strong>daszek nad drzwi<\/strong>,\u00a0<strong>daszek na balkon<\/strong>\u00a0czy\u00a0<strong>zadaszenie tarasu<\/strong>\u00a0sta\u0142o si\u0119 eleganckim i jednocze\u015bnie praktycznym wyko\u0144czeniem domu. Pomys\u0142, kt\u00f3ry narodzi\u0142 si\u0119 w firmie Arctom, zacz\u0119to kopiowa\u0107 w innych krajach np. w Niemczech, a nawet w Chinach. Pozwoli\u0142o to firmie Arctom oraz jej w\u0142a\u015bcicielowi Tomaszowi Urba\u0144czykowi szturmem wej\u015b\u0107 na mi\u0119dzynarodowy rynek.<\/p>\n<p><img loading=\"lazy\" decoding=\"async\" class=\"aligncenter wp-image-3317 size-full\" src=\"https:\/\/arctom.pl\/wp-content\/uploads\/2023\/10\/3.jpg\" alt=\"\" width=\"958\" height=\"1280\" srcset=\"https:\/\/arctom.pl\/wp-content\/uploads\/2023\/10\/3.jpg 958w, https:\/\/arctom.pl\/wp-content\/uploads\/2023\/10\/3-150x200.jpg 150w, https:\/\/arctom.pl\/wp-content\/uploads\/2023\/10\/3-225x300.jpg 225w, https:\/\/arctom.pl\/wp-content\/uploads\/2023\/10\/3-766x1024.jpg 766w, https:\/\/arctom.pl\/wp-content\/uploads\/2023\/10\/3-768x1026.jpg 768w, https:\/\/arctom.pl\/wp-content\/uploads\/2023\/10\/3-600x802.jpg 600w\" sizes=\"auto, (max-width: 958px) 100vw, 958px\" \/><\/p>\n<h3>Z \u0142atwo\u015bci\u0105 zamontuj sw\u00f3j daszek nad drzwi<\/h3>\n<p>Innowacyjna konstrukcja to nie tylko materia\u0142, z kt\u00f3rego wytwarzane s\u0105\u00a0<strong>daszki nad drzwi firmy Arctom<\/strong>, ale tak\u017ce prostota monta\u017cu.\u00a0<strong>Daszki Arctom<\/strong>\u00a0nie wymagaj\u0105 zatrudnienia specjalistycznej ekipy przy jego zak\u0142adaniu. Ka\u017cdy klient jest w stanie samodzielnie zamontowa\u0107 produkt. Czas pe\u0142nej instalacji daszku to ok. 15-20 minut w zale\u017cno\u015bci od modelu. Po jego zamontowaniu,\u00a0<strong>zadaszenie balkonu<\/strong>\u00a0czy\u00a0<strong>zadaszenie tarasu<\/strong>\u00a0zapewnia pe\u0142n\u0105 ochron\u0119 przed promieniami UV, a tak\u017ce chroni przed deszczem, \u015bniegiem i innymi anomaliami pogodowymi. Np. specjalny wspornik, wykonany w 100% ze stali nierdzewnej, jest odporny na korozj\u0119, co \u015bwietnie sprawdza si\u0119 na terenach po\u0142o\u017conych blisko morza. Zapraszamy do zapoznania si\u0119 z nasz\u0105\u00a0<a href=\"https:\/\/arctom.pl\/pl\/szukaj?controller=search&amp;s=daszek\" target=\"_blank\" rel=\"noreferrer noopener\">ofert\u0105 daszk\u00f3w nad drzwi<\/a>.<\/p>\n<p><img loading=\"lazy\" decoding=\"async\" class=\"aligncenter wp-image-3318 size-full\" src=\"https:\/\/arctom.pl\/wp-content\/uploads\/2023\/10\/4.jpg\" alt=\"\" width=\"1280\" height=\"958\" srcset=\"https:\/\/arctom.pl\/wp-content\/uploads\/2023\/10\/4.jpg 1280w, https:\/\/arctom.pl\/wp-content\/uploads\/2023\/10\/4-600x450.jpg 600w, https:\/\/arctom.pl\/wp-content\/uploads\/2023\/10\/4-150x112.jpg 150w, https:\/\/arctom.pl\/wp-content\/uploads\/2023\/10\/4-1000x748.jpg 1000w, https:\/\/arctom.pl\/wp-content\/uploads\/2023\/10\/4-300x225.jpg 300w, https:\/\/arctom.pl\/wp-content\/uploads\/2023\/10\/4-1024x766.jpg 1024w, https:\/\/arctom.pl\/wp-content\/uploads\/2023\/10\/4-768x575.jpg 768w, https:\/\/arctom.pl\/wp-content\/uploads\/2023\/10\/4-720x540.jpg 720w\" sizes=\"auto, (max-width: 1280px) 100vw, 1280px\" \/><\/p>\n<h3>Poliw\u0119glanowe daszki nad drzwi Arctom na targach w Pary\u017cu<\/h3>\n<p>Podczas targ\u00f3w w Pary\u017cu zorganizowan\u0105 przez sie\u0107 hipermarket\u00f3w bran\u017cy budowlanej &#8211; Leroy Merlin, to w\u0142a\u015bnie stoisko firmy Arctom cieszy\u0142o si\u0119 najwi\u0119kszym uznaniem zar\u00f3wno w\u015br\u00f3d przedstawicieli sklep\u00f3w, jak i ca\u0142ej za\u0142ogi Leroy Merlin.\u00a0 Firma by\u0142a cz\u0119sto wymieniana jako wz\u00f3r podczas paneli dyskusyjnych i wyk\u0142ad\u00f3w towarzysz\u0105cym targom.<\/p>\n<p><a href=\"https:\/\/arctom.pl\/pl\/content\/4-o-nas\" target=\"_blank\" rel=\"noreferrer noopener\">Firma Arctom<\/a>\u00a0mia\u0142a swoje stanowisko obok takich producent\u00f3w i marek jak: Gutta czy Parlam. Mo\u017cna by\u0142o tak\u017ce zapozna\u0107 si\u0119 z now\u0105 kolekcj\u0105 takich gigant\u00f3w jak Velux, Gardengate, Dimoldura Grupo. Najnowsze trendy w zakresie szaf, zaprezentowa\u0142o rodzime Indeco. Na tle konkurencji, niew\u0105tpliwie wyr\u00f3\u017cnili si\u0119 dwoma modelami drzwi. Jedne z nich by\u0142y stylizowane na witra\u017c, drugie odzwierciedla\u0142y beton. Ponadczasowa biel i szaro\u015b\u0107 to zapowied\u017a sezonu 2020, zar\u00f3wno w garderobach, jak i w kuchniach.<\/p>\n<p>Indeco wraz z Arctom\u2019em by\u0142y jednak jedynymi polskimi producentami, kt\u00f3rzy reprezentowali nasz kraj na arenie mi\u0119dzynarodowej podczas targ\u00f3w bran\u017cowych Leroy Merlin 2019.<\/p>\n<p><img loading=\"lazy\" decoding=\"async\" class=\"aligncenter wp-image-3319 size-full\" src=\"https:\/\/arctom.pl\/wp-content\/uploads\/2023\/10\/5.jpg\" alt=\"\" width=\"1280\" height=\"958\" srcset=\"https:\/\/arctom.pl\/wp-content\/uploads\/2023\/10\/5.jpg 1280w, https:\/\/arctom.pl\/wp-content\/uploads\/2023\/10\/5-600x450.jpg 600w, https:\/\/arctom.pl\/wp-content\/uploads\/2023\/10\/5-150x112.jpg 150w, https:\/\/arctom.pl\/wp-content\/uploads\/2023\/10\/5-1000x748.jpg 1000w, https:\/\/arctom.pl\/wp-content\/uploads\/2023\/10\/5-300x225.jpg 300w, https:\/\/arctom.pl\/wp-content\/uploads\/2023\/10\/5-1024x766.jpg 1024w, https:\/\/arctom.pl\/wp-content\/uploads\/2023\/10\/5-768x575.jpg 768w, https:\/\/arctom.pl\/wp-content\/uploads\/2023\/10\/5-720x540.jpg 720w\" sizes=\"auto, (max-width: 1280px) 100vw, 1280px\" \/><\/p>\n","protected":false},"excerpt":{"rendered":"<p>Francuska sie\u0107 hipermarket\u00f3w bran\u017cy budowlanej &#8211; Leroy Merlin co roku organizuje w Pary\u017cu wielkie targi dla swoich dostawc\u00f3w. Event organizowany<\/p>\n","protected":false},"author":4651,"featured_media":3316,"comment_status":"open","ping_status":"open","sticky":false,"template":"","format":"standard","meta":{"footnotes":""},"categories":[252],"tags":[],"class_list":["post-3315","post","type-post","status-publish","format-standard","has-post-thumbnail","hentry","category-blog"],"yoast_head":"<!-- This site is optimized with the Yoast SEO plugin v27.5 - https:\/\/yoast.com\/product\/yoast-seo-wordpress\/ -->\n<title>Targi dla dostawc\u00f3w Leroy Merlin w Pary\u017cu razem z Arctom - Arctom<\/title>\n<meta name=\"description\" content=\"Francuska sie\u0107 hipermarket\u00f3w bran\u017cy budowlanej - Leroy Merlin co roku organizuje w Pary\u017cu wielkie targi dla swoich dostawc\u00f3w.\" \/>\n<meta name=\"robots\" content=\"index, follow, max-snippet:-1, max-image-preview:large, max-video-preview:-1\" \/>\n<link rel=\"canonical\" href=\"https:\/\/arctom.pl\/fr\/blog\/targi-dla-dostawcow-leroy-merlin-w-paryzu-razem-z-arctom\/\" \/>\n<meta property=\"og:locale\" content=\"fr_FR\" \/>\n<meta property=\"og:type\" content=\"article\" \/>\n<meta property=\"og:title\" content=\"Targi dla dostawc\u00f3w Leroy Merlin w Pary\u017cu razem z Arctom - Arctom\" \/>\n<meta property=\"og:description\" content=\"Francuska sie\u0107 hipermarket\u00f3w bran\u017cy budowlanej - Leroy Merlin co roku organizuje w Pary\u017cu wielkie targi dla swoich dostawc\u00f3w.\" \/>\n<meta property=\"og:url\" content=\"https:\/\/arctom.pl\/fr\/blog\/targi-dla-dostawcow-leroy-merlin-w-paryzu-razem-z-arctom\/\" \/>\n<meta property=\"og:site_name\" content=\"Arctom\" \/>\n<meta property=\"article:published_time\" content=\"2023-10-26T12:28:23+00:00\" \/>\n<meta property=\"article:modified_time\" content=\"2023-12-12T14:51:50+00:00\" \/>\n<meta property=\"og:image\" content=\"https:\/\/arctom.pl\/wp-content\/uploads\/2023\/10\/23.jpg\" \/>\n\t<meta property=\"og:image:width\" content=\"1280\" \/>\n\t<meta property=\"og:image:height\" content=\"606\" \/>\n\t<meta property=\"og:image:type\" content=\"image\/jpeg\" \/>\n<meta name=\"author\" content=\"Patrycja\" \/>\n<meta name=\"twitter:card\" content=\"summary_large_image\" \/>\n<meta name=\"twitter:label1\" content=\"\u00c9crit par\" \/>\n\t<meta name=\"twitter:data1\" content=\"Patrycja\" \/>\n\t<meta name=\"twitter:label2\" content=\"Dur\u00e9e de lecture estim\u00e9e\" \/>\n\t<meta name=\"twitter:data2\" content=\"4 minutes\" \/>\n<script type=\"application\/ld+json\" class=\"yoast-schema-graph\">{\"@context\":\"https:\\\/\\\/schema.org\",\"@graph\":[{\"@type\":\"Article\",\"@id\":\"https:\\\/\\\/arctom.pl\\\/fr\\\/blog\\\/targi-dla-dostawcow-leroy-merlin-w-paryzu-razem-z-arctom\\\/#article\",\"isPartOf\":{\"@id\":\"https:\\\/\\\/arctom.pl\\\/fr\\\/blog\\\/targi-dla-dostawcow-leroy-merlin-w-paryzu-razem-z-arctom\\\/\"},\"author\":{\"name\":\"Patrycja\",\"@id\":\"https:\\\/\\\/arctom.pl\\\/fr\\\/#\\\/schema\\\/person\\\/51467c4ea48682286fe376f37f8cba9b\"},\"headline\":\"Targi dla dostawc\u00f3w Leroy Merlin w Pary\u017cu razem z Arctom\",\"datePublished\":\"2023-10-26T12:28:23+00:00\",\"dateModified\":\"2023-12-12T14:51:50+00:00\",\"mainEntityOfPage\":{\"@id\":\"https:\\\/\\\/arctom.pl\\\/fr\\\/blog\\\/targi-dla-dostawcow-leroy-merlin-w-paryzu-razem-z-arctom\\\/\"},\"wordCount\":559,\"commentCount\":0,\"publisher\":{\"@id\":\"https:\\\/\\\/arctom.pl\\\/fr\\\/#organization\"},\"image\":{\"@id\":\"https:\\\/\\\/arctom.pl\\\/fr\\\/blog\\\/targi-dla-dostawcow-leroy-merlin-w-paryzu-razem-z-arctom\\\/#primaryimage\"},\"thumbnailUrl\":\"https:\\\/\\\/arctom.pl\\\/wp-content\\\/uploads\\\/2023\\\/10\\\/23.jpg\",\"articleSection\":[\"Blog\"],\"inLanguage\":\"fr-FR\",\"potentialAction\":[{\"@type\":\"CommentAction\",\"name\":\"Comment\",\"target\":[\"https:\\\/\\\/arctom.pl\\\/fr\\\/blog\\\/targi-dla-dostawcow-leroy-merlin-w-paryzu-razem-z-arctom\\\/#respond\"]}]},{\"@type\":\"WebPage\",\"@id\":\"https:\\\/\\\/arctom.pl\\\/fr\\\/blog\\\/targi-dla-dostawcow-leroy-merlin-w-paryzu-razem-z-arctom\\\/\",\"url\":\"https:\\\/\\\/arctom.pl\\\/fr\\\/blog\\\/targi-dla-dostawcow-leroy-merlin-w-paryzu-razem-z-arctom\\\/\",\"name\":\"Targi dla dostawc\u00f3w Leroy Merlin w Pary\u017cu razem z Arctom - Arctom\",\"isPartOf\":{\"@id\":\"https:\\\/\\\/arctom.pl\\\/fr\\\/#website\"},\"primaryImageOfPage\":{\"@id\":\"https:\\\/\\\/arctom.pl\\\/fr\\\/blog\\\/targi-dla-dostawcow-leroy-merlin-w-paryzu-razem-z-arctom\\\/#primaryimage\"},\"image\":{\"@id\":\"https:\\\/\\\/arctom.pl\\\/fr\\\/blog\\\/targi-dla-dostawcow-leroy-merlin-w-paryzu-razem-z-arctom\\\/#primaryimage\"},\"thumbnailUrl\":\"https:\\\/\\\/arctom.pl\\\/wp-content\\\/uploads\\\/2023\\\/10\\\/23.jpg\",\"datePublished\":\"2023-10-26T12:28:23+00:00\",\"dateModified\":\"2023-12-12T14:51:50+00:00\",\"description\":\"Francuska sie\u0107 hipermarket\u00f3w bran\u017cy budowlanej - Leroy Merlin co roku organizuje w Pary\u017cu wielkie targi dla swoich dostawc\u00f3w.\",\"breadcrumb\":{\"@id\":\"https:\\\/\\\/arctom.pl\\\/fr\\\/blog\\\/targi-dla-dostawcow-leroy-merlin-w-paryzu-razem-z-arctom\\\/#breadcrumb\"},\"inLanguage\":\"fr-FR\",\"potentialAction\":[{\"@type\":\"ReadAction\",\"target\":[\"https:\\\/\\\/arctom.pl\\\/fr\\\/blog\\\/targi-dla-dostawcow-leroy-merlin-w-paryzu-razem-z-arctom\\\/\"]}]},{\"@type\":\"ImageObject\",\"inLanguage\":\"fr-FR\",\"@id\":\"https:\\\/\\\/arctom.pl\\\/fr\\\/blog\\\/targi-dla-dostawcow-leroy-merlin-w-paryzu-razem-z-arctom\\\/#primaryimage\",\"url\":\"https:\\\/\\\/arctom.pl\\\/wp-content\\\/uploads\\\/2023\\\/10\\\/23.jpg\",\"contentUrl\":\"https:\\\/\\\/arctom.pl\\\/wp-content\\\/uploads\\\/2023\\\/10\\\/23.jpg\",\"width\":1280,\"height\":606},{\"@type\":\"BreadcrumbList\",\"@id\":\"https:\\\/\\\/arctom.pl\\\/fr\\\/blog\\\/targi-dla-dostawcow-leroy-merlin-w-paryzu-razem-z-arctom\\\/#breadcrumb\",\"itemListElement\":[{\"@type\":\"ListItem\",\"position\":1,\"name\":\"Arctom\",\"item\":\"https:\\\/\\\/arctom.pl\\\/fr\\\/\"},{\"@type\":\"ListItem\",\"position\":2,\"name\":\"Blog\",\"item\":\"https:\\\/\\\/arctom.pl\\\/kat\\\/blog\\\/\"},{\"@type\":\"ListItem\",\"position\":3,\"name\":\"Targi dla dostawc\u00f3w Leroy Merlin w Pary\u017cu razem z Arctom\"}]},{\"@type\":\"WebSite\",\"@id\":\"https:\\\/\\\/arctom.pl\\\/fr\\\/#website\",\"url\":\"https:\\\/\\\/arctom.pl\\\/fr\\\/\",\"name\":\"Arctom\",\"description\":\"\",\"publisher\":{\"@id\":\"https:\\\/\\\/arctom.pl\\\/fr\\\/#organization\"},\"potentialAction\":[{\"@type\":\"SearchAction\",\"target\":{\"@type\":\"EntryPoint\",\"urlTemplate\":\"https:\\\/\\\/arctom.pl\\\/fr\\\/?s={search_term_string}\"},\"query-input\":{\"@type\":\"PropertyValueSpecification\",\"valueRequired\":true,\"valueName\":\"search_term_string\"}}],\"inLanguage\":\"fr-FR\"},{\"@type\":\"Organization\",\"@id\":\"https:\\\/\\\/arctom.pl\\\/fr\\\/#organization\",\"name\":\"Arctom\",\"url\":\"https:\\\/\\\/arctom.pl\\\/fr\\\/\",\"logo\":{\"@type\":\"ImageObject\",\"inLanguage\":\"fr-FR\",\"@id\":\"https:\\\/\\\/arctom.pl\\\/fr\\\/#\\\/schema\\\/logo\\\/image\\\/\",\"url\":\"https:\\\/\\\/arctom.pl\\\/wp-content\\\/uploads\\\/2023\\\/11\\\/arctom-logo.png\",\"contentUrl\":\"https:\\\/\\\/arctom.pl\\\/wp-content\\\/uploads\\\/2023\\\/11\\\/arctom-logo.png\",\"width\":171,\"height\":62,\"caption\":\"Arctom\"},\"image\":{\"@id\":\"https:\\\/\\\/arctom.pl\\\/fr\\\/#\\\/schema\\\/logo\\\/image\\\/\"}},{\"@type\":\"Person\",\"@id\":\"https:\\\/\\\/arctom.pl\\\/fr\\\/#\\\/schema\\\/person\\\/51467c4ea48682286fe376f37f8cba9b\",\"name\":\"Patrycja\",\"image\":{\"@type\":\"ImageObject\",\"inLanguage\":\"fr-FR\",\"@id\":\"https:\\\/\\\/secure.gravatar.com\\\/avatar\\\/7c37283748b62bb21affee70f751e75b04d527b2d023e14cdffee17064819ea3?s=96&d=mm&r=g\",\"url\":\"https:\\\/\\\/secure.gravatar.com\\\/avatar\\\/7c37283748b62bb21affee70f751e75b04d527b2d023e14cdffee17064819ea3?s=96&d=mm&r=g\",\"contentUrl\":\"https:\\\/\\\/secure.gravatar.com\\\/avatar\\\/7c37283748b62bb21affee70f751e75b04d527b2d023e14cdffee17064819ea3?s=96&d=mm&r=g\",\"caption\":\"Patrycja\"}}]}<\/script>\n<!-- \/ Yoast SEO plugin. -->","yoast_head_json":{"title":"Targi dla dostawc\u00f3w Leroy Merlin w Pary\u017cu razem z Arctom - Arctom","description":"Francuska sie\u0107 hipermarket\u00f3w bran\u017cy budowlanej - Leroy Merlin co roku organizuje w Pary\u017cu wielkie targi dla swoich dostawc\u00f3w.","robots":{"index":"index","follow":"follow","max-snippet":"max-snippet:-1","max-image-preview":"max-image-preview:large","max-video-preview":"max-video-preview:-1"},"canonical":"https:\/\/arctom.pl\/fr\/blog\/targi-dla-dostawcow-leroy-merlin-w-paryzu-razem-z-arctom\/","og_locale":"fr_FR","og_type":"article","og_title":"Targi dla dostawc\u00f3w Leroy Merlin w Pary\u017cu razem z Arctom - Arctom","og_description":"Francuska sie\u0107 hipermarket\u00f3w bran\u017cy budowlanej - Leroy Merlin co roku organizuje w Pary\u017cu wielkie targi dla swoich dostawc\u00f3w.","og_url":"https:\/\/arctom.pl\/fr\/blog\/targi-dla-dostawcow-leroy-merlin-w-paryzu-razem-z-arctom\/","og_site_name":"Arctom","article_published_time":"2023-10-26T12:28:23+00:00","article_modified_time":"2023-12-12T14:51:50+00:00","og_image":[{"width":1280,"height":606,"url":"https:\/\/arctom.pl\/wp-content\/uploads\/2023\/10\/23.jpg","type":"image\/jpeg"}],"author":"Patrycja","twitter_card":"summary_large_image","twitter_misc":{"\u00c9crit par":"Patrycja","Dur\u00e9e de lecture estim\u00e9e":"4 minutes"},"schema":{"@context":"https:\/\/schema.org","@graph":[{"@type":"Article","@id":"https:\/\/arctom.pl\/fr\/blog\/targi-dla-dostawcow-leroy-merlin-w-paryzu-razem-z-arctom\/#article","isPartOf":{"@id":"https:\/\/arctom.pl\/fr\/blog\/targi-dla-dostawcow-leroy-merlin-w-paryzu-razem-z-arctom\/"},"author":{"name":"Patrycja","@id":"https:\/\/arctom.pl\/fr\/#\/schema\/person\/51467c4ea48682286fe376f37f8cba9b"},"headline":"Targi dla dostawc\u00f3w Leroy Merlin w Pary\u017cu razem z Arctom","datePublished":"2023-10-26T12:28:23+00:00","dateModified":"2023-12-12T14:51:50+00:00","mainEntityOfPage":{"@id":"https:\/\/arctom.pl\/fr\/blog\/targi-dla-dostawcow-leroy-merlin-w-paryzu-razem-z-arctom\/"},"wordCount":559,"commentCount":0,"publisher":{"@id":"https:\/\/arctom.pl\/fr\/#organization"},"image":{"@id":"https:\/\/arctom.pl\/fr\/blog\/targi-dla-dostawcow-leroy-merlin-w-paryzu-razem-z-arctom\/#primaryimage"},"thumbnailUrl":"https:\/\/arctom.pl\/wp-content\/uploads\/2023\/10\/23.jpg","articleSection":["Blog"],"inLanguage":"fr-FR","potentialAction":[{"@type":"CommentAction","name":"Comment","target":["https:\/\/arctom.pl\/fr\/blog\/targi-dla-dostawcow-leroy-merlin-w-paryzu-razem-z-arctom\/#respond"]}]},{"@type":"WebPage","@id":"https:\/\/arctom.pl\/fr\/blog\/targi-dla-dostawcow-leroy-merlin-w-paryzu-razem-z-arctom\/","url":"https:\/\/arctom.pl\/fr\/blog\/targi-dla-dostawcow-leroy-merlin-w-paryzu-razem-z-arctom\/","name":"Targi dla dostawc\u00f3w Leroy Merlin w Pary\u017cu razem z Arctom - Arctom","isPartOf":{"@id":"https:\/\/arctom.pl\/fr\/#website"},"primaryImageOfPage":{"@id":"https:\/\/arctom.pl\/fr\/blog\/targi-dla-dostawcow-leroy-merlin-w-paryzu-razem-z-arctom\/#primaryimage"},"image":{"@id":"https:\/\/arctom.pl\/fr\/blog\/targi-dla-dostawcow-leroy-merlin-w-paryzu-razem-z-arctom\/#primaryimage"},"thumbnailUrl":"https:\/\/arctom.pl\/wp-content\/uploads\/2023\/10\/23.jpg","datePublished":"2023-10-26T12:28:23+00:00","dateModified":"2023-12-12T14:51:50+00:00","description":"Francuska sie\u0107 hipermarket\u00f3w bran\u017cy budowlanej - Leroy Merlin co roku organizuje w Pary\u017cu wielkie targi dla swoich dostawc\u00f3w.","breadcrumb":{"@id":"https:\/\/arctom.pl\/fr\/blog\/targi-dla-dostawcow-leroy-merlin-w-paryzu-razem-z-arctom\/#breadcrumb"},"inLanguage":"fr-FR","potentialAction":[{"@type":"ReadAction","target":["https:\/\/arctom.pl\/fr\/blog\/targi-dla-dostawcow-leroy-merlin-w-paryzu-razem-z-arctom\/"]}]},{"@type":"ImageObject","inLanguage":"fr-FR","@id":"https:\/\/arctom.pl\/fr\/blog\/targi-dla-dostawcow-leroy-merlin-w-paryzu-razem-z-arctom\/#primaryimage","url":"https:\/\/arctom.pl\/wp-content\/uploads\/2023\/10\/23.jpg","contentUrl":"https:\/\/arctom.pl\/wp-content\/uploads\/2023\/10\/23.jpg","width":1280,"height":606},{"@type":"BreadcrumbList","@id":"https:\/\/arctom.pl\/fr\/blog\/targi-dla-dostawcow-leroy-merlin-w-paryzu-razem-z-arctom\/#breadcrumb","itemListElement":[{"@type":"ListItem","position":1,"name":"Arctom","item":"https:\/\/arctom.pl\/fr\/"},{"@type":"ListItem","position":2,"name":"Blog","item":"https:\/\/arctom.pl\/kat\/blog\/"},{"@type":"ListItem","position":3,"name":"Targi dla dostawc\u00f3w Leroy Merlin w Pary\u017cu razem z Arctom"}]},{"@type":"WebSite","@id":"https:\/\/arctom.pl\/fr\/#website","url":"https:\/\/arctom.pl\/fr\/","name":"Arctom","description":"","publisher":{"@id":"https:\/\/arctom.pl\/fr\/#organization"},"potentialAction":[{"@type":"SearchAction","target":{"@type":"EntryPoint","urlTemplate":"https:\/\/arctom.pl\/fr\/?s={search_term_string}"},"query-input":{"@type":"PropertyValueSpecification","valueRequired":true,"valueName":"search_term_string"}}],"inLanguage":"fr-FR"},{"@type":"Organization","@id":"https:\/\/arctom.pl\/fr\/#organization","name":"Arctom","url":"https:\/\/arctom.pl\/fr\/","logo":{"@type":"ImageObject","inLanguage":"fr-FR","@id":"https:\/\/arctom.pl\/fr\/#\/schema\/logo\/image\/","url":"https:\/\/arctom.pl\/wp-content\/uploads\/2023\/11\/arctom-logo.png","contentUrl":"https:\/\/arctom.pl\/wp-content\/uploads\/2023\/11\/arctom-logo.png","width":171,"height":62,"caption":"Arctom"},"image":{"@id":"https:\/\/arctom.pl\/fr\/#\/schema\/logo\/image\/"}},{"@type":"Person","@id":"https:\/\/arctom.pl\/fr\/#\/schema\/person\/51467c4ea48682286fe376f37f8cba9b","name":"Patrycja","image":{"@type":"ImageObject","inLanguage":"fr-FR","@id":"https:\/\/secure.gravatar.com\/avatar\/7c37283748b62bb21affee70f751e75b04d527b2d023e14cdffee17064819ea3?s=96&d=mm&r=g","url":"https:\/\/secure.gravatar.com\/avatar\/7c37283748b62bb21affee70f751e75b04d527b2d023e14cdffee17064819ea3?s=96&d=mm&r=g","contentUrl":"https:\/\/secure.gravatar.com\/avatar\/7c37283748b62bb21affee70f751e75b04d527b2d023e14cdffee17064819ea3?s=96&d=mm&r=g","caption":"Patrycja"}}]}},"_links":{"self":[{"href":"https:\/\/arctom.pl\/fr\/wp-json\/wp\/v2\/posts\/3315","targetHints":{"allow":["GET"]}}],"collection":[{"href":"https:\/\/arctom.pl\/fr\/wp-json\/wp\/v2\/posts"}],"about":[{"href":"https:\/\/arctom.pl\/fr\/wp-json\/wp\/v2\/types\/post"}],"author":[{"embeddable":true,"href":"https:\/\/arctom.pl\/fr\/wp-json\/wp\/v2\/users\/4651"}],"replies":[{"embeddable":true,"href":"https:\/\/arctom.pl\/fr\/wp-json\/wp\/v2\/comments?post=3315"}],"version-history":[{"count":1,"href":"https:\/\/arctom.pl\/fr\/wp-json\/wp\/v2\/posts\/3315\/revisions"}],"predecessor-version":[{"id":9698,"href":"https:\/\/arctom.pl\/fr\/wp-json\/wp\/v2\/posts\/3315\/revisions\/9698"}],"wp:featuredmedia":[{"embeddable":true,"href":"https:\/\/arctom.pl\/fr\/wp-json\/wp\/v2\/media\/3316"}],"wp:attachment":[{"href":"https:\/\/arctom.pl\/fr\/wp-json\/wp\/v2\/media?parent=3315"}],"wp:term":[{"taxonomy":"category","embeddable":true,"href":"https:\/\/arctom.pl\/fr\/wp-json\/wp\/v2\/categories?post=3315"},{"taxonomy":"post_tag","embeddable":true,"href":"https:\/\/arctom.pl\/fr\/wp-json\/wp\/v2\/tags?post=3315"}],"curies":[{"name":"wp","href":"https:\/\/api.w.org\/{rel}","templated":true}]}}