{"id":3309,"date":"2023-10-26T14:17:36","date_gmt":"2023-10-26T12:17:36","guid":{"rendered":"https:\/\/arctom.pl\/?p=3309"},"modified":"2023-12-12T15:51:50","modified_gmt":"2023-12-12T14:51:50","slug":"na-co-zwrocic-uwage-wybierajac-kolor-i-ksztalt-daszku-z-poliweglanu","status":"publish","type":"post","link":"https:\/\/arctom.pl\/fr\/blog\/na-co-zwrocic-uwage-wybierajac-kolor-i-ksztalt-daszku-z-poliweglanu\/","title":{"rendered":"Na co zwr\u00f3ci\u0107 uwag\u0119 wybieraj\u0105c kolor i kszta\u0142t daszku z poliw\u0119glanu?"},"content":{"rendered":"<h2>Daszek z poliw\u0119glanu bia\u0142y lub srebrny<\/h2>\n<p>Uniwersalne kolory, kt\u00f3re doskonale wpisz\u0105 si\u0119 w ka\u017cd\u0105 aran\u017cacj\u0119 przestrzeni. Bia\u0142e i srebrne daszki \u0142adnie wygl\u0105daj\u0105 zar\u00f3wno na tle jasnych, jak i ciemnych budynk\u00f3w. Jednak ich wygl\u0105d to nie wszystko. Trzeba pami\u0119ta\u0107, \u017ce takie daszki charakteryzuj\u0105 si\u0119 wysok\u0105 przepuszczalno\u015bci\u0105 \u015bwiat\u0142a. Z tego powodu projektuj\u0105c\u00a0<strong>zadaszenie tarasu<\/strong>, warto zwr\u00f3ci\u0107 uwag\u0119 na strony \u015bwiata. Je\u015bli taras usytuowany jest po wschodniej lub po\u0142udniowej stronie budynku,\u00a0<strong>jasne zadaszenie nie b\u0119dzie dobrym wyborem<\/strong>.<\/p>\n<h3>Br\u0105zowe daszki poliw\u0119glanowe<\/h3>\n<p><strong>Daszek na balkon<\/strong>\u00a0lub\u00a0<strong>taras<\/strong>\u00a0w kolorze br\u0105zowym to propozycja, kt\u00f3ra sprawdzi si\u0119 przede wszystkim w przypadku tarasu wystawionego na silne dzia\u0142anie promieni s\u0142onecznych. Ponadto warto zwr\u00f3ci\u0107 uwag\u0119 na estetyk\u0119 \u2013 br\u0105z nie jest kolorem w pe\u0142ni uniwersalnym. Nie na ka\u017cdej \u015bcianie b\u0119dzie si\u0119 \u0142adnie prezentowa\u0142.\u00a0<strong>Daszki poliw\u0119glanowe<\/strong>\u00a0br\u0105zowe nie powinny by\u0107 montowane na budynkach w mocnych kolorach granatu, fioletu, czerwieni czy r\u00f3\u017cu. Za to \u0142adnie zaprezentuj\u0105 si\u0119 na tle wszelkich odcieni bieli, \u017c\u00f3\u0142ci, zieleni i be\u017cu.<\/p>\n<h3>Antracytowe daszki z poliw\u0119glanu<\/h3>\n<p><strong>Kolor antracytowy<\/strong>\u00a0mo\u017cna okre\u015bli\u0107 jako bardzo ciemnoszary lub prawie czarny.\u00a0<a href=\"https:\/\/arctom.pl\/pl\/strona-glowna\/61-458-daszek-larus-xl.html#\/26-kolor-antracyt\/30-materia%C5%82-p%C5%82yta_bezbarwna\/79-rozmiar-197x85x28\" target=\"_blank\" rel=\"noreferrer noopener\">Antracytowe zadaszenie balkonu<\/a>\u00a0lub\u00a0<a href=\"https:\/\/arctom.pl\/pl\/strona-glowna\/64-280-daszek-meles-xl.html#\/26-kolor-antracyt\/30-materia%C5%82-p%C5%82yta_bezbarwna\/68-rozmiar-197x85x35_cm\" target=\"_blank\" rel=\"noreferrer noopener\">tarasu\u00a0<\/a>pozbawi go wi\u0119kszo\u015bci promieni s\u0142onecznych, dlatego taki rodzaj\u00a0<strong>zadaszenia taras\u00f3w<\/strong>\u00a0poleca si\u0119 przede wszystkim tam, gdzie s\u0142o\u0144ce swobodnie operuje przez ca\u0142y dzie\u0144.\u00a0<strong>Antracytowe daszki<\/strong>\u00a0sprawdz\u0105 si\u0119 dobrze w pasie nadmorskim i regionie g\u00f3rzystym, gdzie si\u0142a promieni s\u0142onecznych jest mocniej odczuwana. Podobnie jak bia\u0142e i srebrne daszki, kolorystycznie skomponuj\u0105 si\u0119 z ka\u017cdym budynkiem.<\/p>\n<h2>Kszta\u0142t daszku z poliw\u0119glanu<\/h2>\n<p><strong>Taras zadaszony daszkiem z poliw\u0119glanu<\/strong>\u00a0ma okre\u015blon\u0105, na og\u00f3\u0142 wcale niema\u0142\u0105 powierzchni\u0119. W przypadku taras\u00f3w najlepszym rozwi\u0105zaniem jest wyb\u00f3r p\u0142askiego daszka. Nie tylko \u0142adnie si\u0119 zaprezentuje, ale te\u017c r\u00f3wnomiernie\u00a0<a href=\"https:\/\/arctom.pl\/pl\/blog\/blog\/jak-dba%C4%87-i-chroni%C4%87-taras-przed-zniszczeniem-ochron%C4%85-dla-niego-mo%C5%BCe-by%C4%87-daszek\" target=\"_blank\" rel=\"noreferrer noopener\">os\u0142oni taras przed s\u0142o\u0144cem<\/a>.<\/p>\n<p>Nieco inaczej przedstawia si\u0119 sytuacja z\u00a0<strong>daszkiem nad drzwi<\/strong>. Tu trzeba wzi\u0105\u0107 pod uwag\u0119 stylistyk\u0119 ca\u0142ego domu i do niej dopasowa\u0107 kszta\u0142t. Nad drzwiami\u00a0<a href=\"https:\/\/arctom.pl\/pl\/blog\/blog\/monta%C5%BC-zadaszenia-nad-drzwi-daszki-i-%C5%9Bcianki-arctom\" target=\"_blank\" rel=\"noreferrer noopener\">mo\u017cna zamontowa\u0107 zar\u00f3wno daszek p\u0142aski<\/a>, jak i \u0142ukowaty lub w kszta\u0142cie markizy.<\/p>\n","protected":false},"excerpt":{"rendered":"<p>Daszek z poliw\u0119glanu bia\u0142y lub srebrny Uniwersalne kolory, kt\u00f3re doskonale wpisz\u0105 si\u0119 w ka\u017cd\u0105 aran\u017cacj\u0119 przestrzeni. Bia\u0142e i srebrne daszki<\/p>\n","protected":false},"author":4651,"featured_media":3310,"comment_status":"open","ping_status":"open","sticky":false,"template":"","format":"standard","meta":{"footnotes":""},"categories":[252],"tags":[],"class_list":["post-3309","post","type-post","status-publish","format-standard","has-post-thumbnail","hentry","category-blog"],"yoast_head":"<!-- This site is optimized with the Yoast SEO plugin v27.5 - https:\/\/yoast.com\/product\/yoast-seo-wordpress\/ -->\n<title>Na co zwr\u00f3ci\u0107 uwag\u0119 wybieraj\u0105c kolor i kszta\u0142t daszku z poliw\u0119glanu? - Arctom<\/title>\n<meta name=\"description\" content=\"projektuj\u0105c\u00a0zadaszenie tarasu, warto zwr\u00f3ci\u0107 uwag\u0119 na strony \u015bwiata. Tu trzeba wzi\u0105\u0107 pod uwag\u0119 stylistyk\u0119 ca\u0142ego domu i dopasowa\u0107 kszta\u0142t.\" \/>\n<meta name=\"robots\" content=\"index, follow, max-snippet:-1, max-image-preview:large, max-video-preview:-1\" \/>\n<link rel=\"canonical\" href=\"https:\/\/arctom.pl\/fr\/blog\/na-co-zwrocic-uwage-wybierajac-kolor-i-ksztalt-daszku-z-poliweglanu\/\" \/>\n<meta property=\"og:locale\" content=\"fr_FR\" \/>\n<meta property=\"og:type\" content=\"article\" \/>\n<meta property=\"og:title\" content=\"Na co zwr\u00f3ci\u0107 uwag\u0119 wybieraj\u0105c kolor i kszta\u0142t daszku z poliw\u0119glanu? - Arctom\" \/>\n<meta property=\"og:description\" content=\"projektuj\u0105c\u00a0zadaszenie tarasu, warto zwr\u00f3ci\u0107 uwag\u0119 na strony \u015bwiata. Tu trzeba wzi\u0105\u0107 pod uwag\u0119 stylistyk\u0119 ca\u0142ego domu i dopasowa\u0107 kszta\u0142t.\" \/>\n<meta property=\"og:url\" content=\"https:\/\/arctom.pl\/fr\/blog\/na-co-zwrocic-uwage-wybierajac-kolor-i-ksztalt-daszku-z-poliweglanu\/\" \/>\n<meta property=\"og:site_name\" content=\"Arctom\" \/>\n<meta property=\"article:published_time\" content=\"2023-10-26T12:17:36+00:00\" \/>\n<meta property=\"article:modified_time\" content=\"2023-12-12T14:51:50+00:00\" \/>\n<meta property=\"og:image\" content=\"https:\/\/arctom.pl\/wp-content\/uploads\/2023\/10\/21.jpg\" \/>\n\t<meta property=\"og:image:width\" content=\"1920\" \/>\n\t<meta property=\"og:image:height\" content=\"994\" \/>\n\t<meta property=\"og:image:type\" content=\"image\/jpeg\" \/>\n<meta name=\"author\" content=\"Patrycja\" \/>\n<meta name=\"twitter:card\" content=\"summary_large_image\" \/>\n<meta name=\"twitter:label1\" content=\"\u00c9crit par\" \/>\n\t<meta name=\"twitter:data1\" content=\"Patrycja\" \/>\n\t<meta name=\"twitter:label2\" content=\"Dur\u00e9e de lecture estim\u00e9e\" \/>\n\t<meta name=\"twitter:data2\" content=\"2 minutes\" \/>\n<script type=\"application\/ld+json\" class=\"yoast-schema-graph\">{\"@context\":\"https:\\\/\\\/schema.org\",\"@graph\":[{\"@type\":\"Article\",\"@id\":\"https:\\\/\\\/arctom.pl\\\/fr\\\/blog\\\/na-co-zwrocic-uwage-wybierajac-kolor-i-ksztalt-daszku-z-poliweglanu\\\/#article\",\"isPartOf\":{\"@id\":\"https:\\\/\\\/arctom.pl\\\/fr\\\/blog\\\/na-co-zwrocic-uwage-wybierajac-kolor-i-ksztalt-daszku-z-poliweglanu\\\/\"},\"author\":{\"name\":\"Patrycja\",\"@id\":\"https:\\\/\\\/arctom.pl\\\/fr\\\/#\\\/schema\\\/person\\\/51467c4ea48682286fe376f37f8cba9b\"},\"headline\":\"Na co zwr\u00f3ci\u0107 uwag\u0119 wybieraj\u0105c kolor i kszta\u0142t daszku z poliw\u0119glanu?\",\"datePublished\":\"2023-10-26T12:17:36+00:00\",\"dateModified\":\"2023-12-12T14:51:50+00:00\",\"mainEntityOfPage\":{\"@id\":\"https:\\\/\\\/arctom.pl\\\/fr\\\/blog\\\/na-co-zwrocic-uwage-wybierajac-kolor-i-ksztalt-daszku-z-poliweglanu\\\/\"},\"wordCount\":378,\"commentCount\":0,\"publisher\":{\"@id\":\"https:\\\/\\\/arctom.pl\\\/fr\\\/#organization\"},\"image\":{\"@id\":\"https:\\\/\\\/arctom.pl\\\/fr\\\/blog\\\/na-co-zwrocic-uwage-wybierajac-kolor-i-ksztalt-daszku-z-poliweglanu\\\/#primaryimage\"},\"thumbnailUrl\":\"https:\\\/\\\/arctom.pl\\\/wp-content\\\/uploads\\\/2023\\\/10\\\/21.jpg\",\"articleSection\":[\"Blog\"],\"inLanguage\":\"fr-FR\",\"potentialAction\":[{\"@type\":\"CommentAction\",\"name\":\"Comment\",\"target\":[\"https:\\\/\\\/arctom.pl\\\/fr\\\/blog\\\/na-co-zwrocic-uwage-wybierajac-kolor-i-ksztalt-daszku-z-poliweglanu\\\/#respond\"]}]},{\"@type\":\"WebPage\",\"@id\":\"https:\\\/\\\/arctom.pl\\\/fr\\\/blog\\\/na-co-zwrocic-uwage-wybierajac-kolor-i-ksztalt-daszku-z-poliweglanu\\\/\",\"url\":\"https:\\\/\\\/arctom.pl\\\/fr\\\/blog\\\/na-co-zwrocic-uwage-wybierajac-kolor-i-ksztalt-daszku-z-poliweglanu\\\/\",\"name\":\"Na co zwr\u00f3ci\u0107 uwag\u0119 wybieraj\u0105c kolor i kszta\u0142t daszku z poliw\u0119glanu? - Arctom\",\"isPartOf\":{\"@id\":\"https:\\\/\\\/arctom.pl\\\/fr\\\/#website\"},\"primaryImageOfPage\":{\"@id\":\"https:\\\/\\\/arctom.pl\\\/fr\\\/blog\\\/na-co-zwrocic-uwage-wybierajac-kolor-i-ksztalt-daszku-z-poliweglanu\\\/#primaryimage\"},\"image\":{\"@id\":\"https:\\\/\\\/arctom.pl\\\/fr\\\/blog\\\/na-co-zwrocic-uwage-wybierajac-kolor-i-ksztalt-daszku-z-poliweglanu\\\/#primaryimage\"},\"thumbnailUrl\":\"https:\\\/\\\/arctom.pl\\\/wp-content\\\/uploads\\\/2023\\\/10\\\/21.jpg\",\"datePublished\":\"2023-10-26T12:17:36+00:00\",\"dateModified\":\"2023-12-12T14:51:50+00:00\",\"description\":\"projektuj\u0105c\u00a0zadaszenie tarasu, warto zwr\u00f3ci\u0107 uwag\u0119 na strony \u015bwiata. Tu trzeba wzi\u0105\u0107 pod uwag\u0119 stylistyk\u0119 ca\u0142ego domu i dopasowa\u0107 kszta\u0142t.\",\"breadcrumb\":{\"@id\":\"https:\\\/\\\/arctom.pl\\\/fr\\\/blog\\\/na-co-zwrocic-uwage-wybierajac-kolor-i-ksztalt-daszku-z-poliweglanu\\\/#breadcrumb\"},\"inLanguage\":\"fr-FR\",\"potentialAction\":[{\"@type\":\"ReadAction\",\"target\":[\"https:\\\/\\\/arctom.pl\\\/fr\\\/blog\\\/na-co-zwrocic-uwage-wybierajac-kolor-i-ksztalt-daszku-z-poliweglanu\\\/\"]}]},{\"@type\":\"ImageObject\",\"inLanguage\":\"fr-FR\",\"@id\":\"https:\\\/\\\/arctom.pl\\\/fr\\\/blog\\\/na-co-zwrocic-uwage-wybierajac-kolor-i-ksztalt-daszku-z-poliweglanu\\\/#primaryimage\",\"url\":\"https:\\\/\\\/arctom.pl\\\/wp-content\\\/uploads\\\/2023\\\/10\\\/21.jpg\",\"contentUrl\":\"https:\\\/\\\/arctom.pl\\\/wp-content\\\/uploads\\\/2023\\\/10\\\/21.jpg\",\"width\":1920,\"height\":994},{\"@type\":\"BreadcrumbList\",\"@id\":\"https:\\\/\\\/arctom.pl\\\/fr\\\/blog\\\/na-co-zwrocic-uwage-wybierajac-kolor-i-ksztalt-daszku-z-poliweglanu\\\/#breadcrumb\",\"itemListElement\":[{\"@type\":\"ListItem\",\"position\":1,\"name\":\"Arctom\",\"item\":\"https:\\\/\\\/arctom.pl\\\/fr\\\/\"},{\"@type\":\"ListItem\",\"position\":2,\"name\":\"Blog\",\"item\":\"https:\\\/\\\/arctom.pl\\\/kat\\\/blog\\\/\"},{\"@type\":\"ListItem\",\"position\":3,\"name\":\"Na co zwr\u00f3ci\u0107 uwag\u0119 wybieraj\u0105c kolor i kszta\u0142t daszku z poliw\u0119glanu?\"}]},{\"@type\":\"WebSite\",\"@id\":\"https:\\\/\\\/arctom.pl\\\/fr\\\/#website\",\"url\":\"https:\\\/\\\/arctom.pl\\\/fr\\\/\",\"name\":\"Arctom\",\"description\":\"\",\"publisher\":{\"@id\":\"https:\\\/\\\/arctom.pl\\\/fr\\\/#organization\"},\"potentialAction\":[{\"@type\":\"SearchAction\",\"target\":{\"@type\":\"EntryPoint\",\"urlTemplate\":\"https:\\\/\\\/arctom.pl\\\/fr\\\/?s={search_term_string}\"},\"query-input\":{\"@type\":\"PropertyValueSpecification\",\"valueRequired\":true,\"valueName\":\"search_term_string\"}}],\"inLanguage\":\"fr-FR\"},{\"@type\":\"Organization\",\"@id\":\"https:\\\/\\\/arctom.pl\\\/fr\\\/#organization\",\"name\":\"Arctom\",\"url\":\"https:\\\/\\\/arctom.pl\\\/fr\\\/\",\"logo\":{\"@type\":\"ImageObject\",\"inLanguage\":\"fr-FR\",\"@id\":\"https:\\\/\\\/arctom.pl\\\/fr\\\/#\\\/schema\\\/logo\\\/image\\\/\",\"url\":\"https:\\\/\\\/arctom.pl\\\/wp-content\\\/uploads\\\/2023\\\/11\\\/arctom-logo.png\",\"contentUrl\":\"https:\\\/\\\/arctom.pl\\\/wp-content\\\/uploads\\\/2023\\\/11\\\/arctom-logo.png\",\"width\":171,\"height\":62,\"caption\":\"Arctom\"},\"image\":{\"@id\":\"https:\\\/\\\/arctom.pl\\\/fr\\\/#\\\/schema\\\/logo\\\/image\\\/\"}},{\"@type\":\"Person\",\"@id\":\"https:\\\/\\\/arctom.pl\\\/fr\\\/#\\\/schema\\\/person\\\/51467c4ea48682286fe376f37f8cba9b\",\"name\":\"Patrycja\",\"image\":{\"@type\":\"ImageObject\",\"inLanguage\":\"fr-FR\",\"@id\":\"https:\\\/\\\/secure.gravatar.com\\\/avatar\\\/7c37283748b62bb21affee70f751e75b04d527b2d023e14cdffee17064819ea3?s=96&d=mm&r=g\",\"url\":\"https:\\\/\\\/secure.gravatar.com\\\/avatar\\\/7c37283748b62bb21affee70f751e75b04d527b2d023e14cdffee17064819ea3?s=96&d=mm&r=g\",\"contentUrl\":\"https:\\\/\\\/secure.gravatar.com\\\/avatar\\\/7c37283748b62bb21affee70f751e75b04d527b2d023e14cdffee17064819ea3?s=96&d=mm&r=g\",\"caption\":\"Patrycja\"}}]}<\/script>\n<!-- \/ Yoast SEO plugin. -->","yoast_head_json":{"title":"Na co zwr\u00f3ci\u0107 uwag\u0119 wybieraj\u0105c kolor i kszta\u0142t daszku z poliw\u0119glanu? - Arctom","description":"projektuj\u0105c\u00a0zadaszenie tarasu, warto zwr\u00f3ci\u0107 uwag\u0119 na strony \u015bwiata. Tu trzeba wzi\u0105\u0107 pod uwag\u0119 stylistyk\u0119 ca\u0142ego domu i dopasowa\u0107 kszta\u0142t.","robots":{"index":"index","follow":"follow","max-snippet":"max-snippet:-1","max-image-preview":"max-image-preview:large","max-video-preview":"max-video-preview:-1"},"canonical":"https:\/\/arctom.pl\/fr\/blog\/na-co-zwrocic-uwage-wybierajac-kolor-i-ksztalt-daszku-z-poliweglanu\/","og_locale":"fr_FR","og_type":"article","og_title":"Na co zwr\u00f3ci\u0107 uwag\u0119 wybieraj\u0105c kolor i kszta\u0142t daszku z poliw\u0119glanu? - Arctom","og_description":"projektuj\u0105c\u00a0zadaszenie tarasu, warto zwr\u00f3ci\u0107 uwag\u0119 na strony \u015bwiata. Tu trzeba wzi\u0105\u0107 pod uwag\u0119 stylistyk\u0119 ca\u0142ego domu i dopasowa\u0107 kszta\u0142t.","og_url":"https:\/\/arctom.pl\/fr\/blog\/na-co-zwrocic-uwage-wybierajac-kolor-i-ksztalt-daszku-z-poliweglanu\/","og_site_name":"Arctom","article_published_time":"2023-10-26T12:17:36+00:00","article_modified_time":"2023-12-12T14:51:50+00:00","og_image":[{"width":1920,"height":994,"url":"https:\/\/arctom.pl\/wp-content\/uploads\/2023\/10\/21.jpg","type":"image\/jpeg"}],"author":"Patrycja","twitter_card":"summary_large_image","twitter_misc":{"\u00c9crit par":"Patrycja","Dur\u00e9e de lecture estim\u00e9e":"2 minutes"},"schema":{"@context":"https:\/\/schema.org","@graph":[{"@type":"Article","@id":"https:\/\/arctom.pl\/fr\/blog\/na-co-zwrocic-uwage-wybierajac-kolor-i-ksztalt-daszku-z-poliweglanu\/#article","isPartOf":{"@id":"https:\/\/arctom.pl\/fr\/blog\/na-co-zwrocic-uwage-wybierajac-kolor-i-ksztalt-daszku-z-poliweglanu\/"},"author":{"name":"Patrycja","@id":"https:\/\/arctom.pl\/fr\/#\/schema\/person\/51467c4ea48682286fe376f37f8cba9b"},"headline":"Na co zwr\u00f3ci\u0107 uwag\u0119 wybieraj\u0105c kolor i kszta\u0142t daszku z poliw\u0119glanu?","datePublished":"2023-10-26T12:17:36+00:00","dateModified":"2023-12-12T14:51:50+00:00","mainEntityOfPage":{"@id":"https:\/\/arctom.pl\/fr\/blog\/na-co-zwrocic-uwage-wybierajac-kolor-i-ksztalt-daszku-z-poliweglanu\/"},"wordCount":378,"commentCount":0,"publisher":{"@id":"https:\/\/arctom.pl\/fr\/#organization"},"image":{"@id":"https:\/\/arctom.pl\/fr\/blog\/na-co-zwrocic-uwage-wybierajac-kolor-i-ksztalt-daszku-z-poliweglanu\/#primaryimage"},"thumbnailUrl":"https:\/\/arctom.pl\/wp-content\/uploads\/2023\/10\/21.jpg","articleSection":["Blog"],"inLanguage":"fr-FR","potentialAction":[{"@type":"CommentAction","name":"Comment","target":["https:\/\/arctom.pl\/fr\/blog\/na-co-zwrocic-uwage-wybierajac-kolor-i-ksztalt-daszku-z-poliweglanu\/#respond"]}]},{"@type":"WebPage","@id":"https:\/\/arctom.pl\/fr\/blog\/na-co-zwrocic-uwage-wybierajac-kolor-i-ksztalt-daszku-z-poliweglanu\/","url":"https:\/\/arctom.pl\/fr\/blog\/na-co-zwrocic-uwage-wybierajac-kolor-i-ksztalt-daszku-z-poliweglanu\/","name":"Na co zwr\u00f3ci\u0107 uwag\u0119 wybieraj\u0105c kolor i kszta\u0142t daszku z poliw\u0119glanu? - Arctom","isPartOf":{"@id":"https:\/\/arctom.pl\/fr\/#website"},"primaryImageOfPage":{"@id":"https:\/\/arctom.pl\/fr\/blog\/na-co-zwrocic-uwage-wybierajac-kolor-i-ksztalt-daszku-z-poliweglanu\/#primaryimage"},"image":{"@id":"https:\/\/arctom.pl\/fr\/blog\/na-co-zwrocic-uwage-wybierajac-kolor-i-ksztalt-daszku-z-poliweglanu\/#primaryimage"},"thumbnailUrl":"https:\/\/arctom.pl\/wp-content\/uploads\/2023\/10\/21.jpg","datePublished":"2023-10-26T12:17:36+00:00","dateModified":"2023-12-12T14:51:50+00:00","description":"projektuj\u0105c\u00a0zadaszenie tarasu, warto zwr\u00f3ci\u0107 uwag\u0119 na strony \u015bwiata. Tu trzeba wzi\u0105\u0107 pod uwag\u0119 stylistyk\u0119 ca\u0142ego domu i dopasowa\u0107 kszta\u0142t.","breadcrumb":{"@id":"https:\/\/arctom.pl\/fr\/blog\/na-co-zwrocic-uwage-wybierajac-kolor-i-ksztalt-daszku-z-poliweglanu\/#breadcrumb"},"inLanguage":"fr-FR","potentialAction":[{"@type":"ReadAction","target":["https:\/\/arctom.pl\/fr\/blog\/na-co-zwrocic-uwage-wybierajac-kolor-i-ksztalt-daszku-z-poliweglanu\/"]}]},{"@type":"ImageObject","inLanguage":"fr-FR","@id":"https:\/\/arctom.pl\/fr\/blog\/na-co-zwrocic-uwage-wybierajac-kolor-i-ksztalt-daszku-z-poliweglanu\/#primaryimage","url":"https:\/\/arctom.pl\/wp-content\/uploads\/2023\/10\/21.jpg","contentUrl":"https:\/\/arctom.pl\/wp-content\/uploads\/2023\/10\/21.jpg","width":1920,"height":994},{"@type":"BreadcrumbList","@id":"https:\/\/arctom.pl\/fr\/blog\/na-co-zwrocic-uwage-wybierajac-kolor-i-ksztalt-daszku-z-poliweglanu\/#breadcrumb","itemListElement":[{"@type":"ListItem","position":1,"name":"Arctom","item":"https:\/\/arctom.pl\/fr\/"},{"@type":"ListItem","position":2,"name":"Blog","item":"https:\/\/arctom.pl\/kat\/blog\/"},{"@type":"ListItem","position":3,"name":"Na co zwr\u00f3ci\u0107 uwag\u0119 wybieraj\u0105c kolor i kszta\u0142t daszku z poliw\u0119glanu?"}]},{"@type":"WebSite","@id":"https:\/\/arctom.pl\/fr\/#website","url":"https:\/\/arctom.pl\/fr\/","name":"Arctom","description":"","publisher":{"@id":"https:\/\/arctom.pl\/fr\/#organization"},"potentialAction":[{"@type":"SearchAction","target":{"@type":"EntryPoint","urlTemplate":"https:\/\/arctom.pl\/fr\/?s={search_term_string}"},"query-input":{"@type":"PropertyValueSpecification","valueRequired":true,"valueName":"search_term_string"}}],"inLanguage":"fr-FR"},{"@type":"Organization","@id":"https:\/\/arctom.pl\/fr\/#organization","name":"Arctom","url":"https:\/\/arctom.pl\/fr\/","logo":{"@type":"ImageObject","inLanguage":"fr-FR","@id":"https:\/\/arctom.pl\/fr\/#\/schema\/logo\/image\/","url":"https:\/\/arctom.pl\/wp-content\/uploads\/2023\/11\/arctom-logo.png","contentUrl":"https:\/\/arctom.pl\/wp-content\/uploads\/2023\/11\/arctom-logo.png","width":171,"height":62,"caption":"Arctom"},"image":{"@id":"https:\/\/arctom.pl\/fr\/#\/schema\/logo\/image\/"}},{"@type":"Person","@id":"https:\/\/arctom.pl\/fr\/#\/schema\/person\/51467c4ea48682286fe376f37f8cba9b","name":"Patrycja","image":{"@type":"ImageObject","inLanguage":"fr-FR","@id":"https:\/\/secure.gravatar.com\/avatar\/7c37283748b62bb21affee70f751e75b04d527b2d023e14cdffee17064819ea3?s=96&d=mm&r=g","url":"https:\/\/secure.gravatar.com\/avatar\/7c37283748b62bb21affee70f751e75b04d527b2d023e14cdffee17064819ea3?s=96&d=mm&r=g","contentUrl":"https:\/\/secure.gravatar.com\/avatar\/7c37283748b62bb21affee70f751e75b04d527b2d023e14cdffee17064819ea3?s=96&d=mm&r=g","caption":"Patrycja"}}]}},"_links":{"self":[{"href":"https:\/\/arctom.pl\/fr\/wp-json\/wp\/v2\/posts\/3309","targetHints":{"allow":["GET"]}}],"collection":[{"href":"https:\/\/arctom.pl\/fr\/wp-json\/wp\/v2\/posts"}],"about":[{"href":"https:\/\/arctom.pl\/fr\/wp-json\/wp\/v2\/types\/post"}],"author":[{"embeddable":true,"href":"https:\/\/arctom.pl\/fr\/wp-json\/wp\/v2\/users\/4651"}],"replies":[{"embeddable":true,"href":"https:\/\/arctom.pl\/fr\/wp-json\/wp\/v2\/comments?post=3309"}],"version-history":[{"count":1,"href":"https:\/\/arctom.pl\/fr\/wp-json\/wp\/v2\/posts\/3309\/revisions"}],"predecessor-version":[{"id":9700,"href":"https:\/\/arctom.pl\/fr\/wp-json\/wp\/v2\/posts\/3309\/revisions\/9700"}],"wp:featuredmedia":[{"embeddable":true,"href":"https:\/\/arctom.pl\/fr\/wp-json\/wp\/v2\/media\/3310"}],"wp:attachment":[{"href":"https:\/\/arctom.pl\/fr\/wp-json\/wp\/v2\/media?parent=3309"}],"wp:term":[{"taxonomy":"category","embeddable":true,"href":"https:\/\/arctom.pl\/fr\/wp-json\/wp\/v2\/categories?post=3309"},{"taxonomy":"post_tag","embeddable":true,"href":"https:\/\/arctom.pl\/fr\/wp-json\/wp\/v2\/tags?post=3309"}],"curies":[{"name":"wp","href":"https:\/\/api.w.org\/{rel}","templated":true}]}}