{"id":12350,"date":"2026-04-14T12:30:12","date_gmt":"2026-04-14T10:30:12","guid":{"rendered":"https:\/\/arctom.pl\/?p=12350"},"modified":"2026-04-01T12:32:21","modified_gmt":"2026-04-01T10:32:21","slug":"jak-dobrac-rozmiar-daszka-do-drzwi-i-elewacji","status":"publish","type":"post","link":"https:\/\/arctom.pl\/fr\/blog\/jak-dobrac-rozmiar-daszka-do-drzwi-i-elewacji\/","title":{"rendered":"Jak dobra\u0107 rozmiar daszka do drzwi i elewacji?"},"content":{"rendered":"<p><span style=\"font-weight: 400;\">Wyb\u00f3r daszka nad drzwiami to nie tylko kwestia modelu czy koloru. Jednym z najwa\u017cniejszych element\u00f3w, kt\u00f3ry wp\u0142ywa zar\u00f3wno na funkcjonalno\u015b\u0107, jak i wygl\u0105d ca\u0142ej strefy wej\u015bcia, jest <\/span><b>odpowiednio dobrany rozmiar<\/b><span style=\"font-weight: 400;\">.<\/span><span style=\"font-weight: 400;\"><br \/>\n<\/span><span style=\"font-weight: 400;\"><br \/>\n<\/span><span style=\"font-weight: 400;\">Zbyt ma\u0142y daszek nie spe\u0142ni swojej roli, a zbyt du\u017cy mo\u017ce zaburzy\u0107 proporcje elewacji. Jak wi\u0119c znale\u017a\u0107 w\u0142a\u015bciwy balans? W tym artykule wyja\u015bniamy, na co zwr\u00f3ci\u0107 uwag\u0119 przy dopasowaniu szeroko\u015bci i g\u0142\u0119boko\u015bci<\/span><a href=\"https:\/\/arctom.pl\/produkty\/\"><span style=\"font-weight: 400;\"> daszka do drzwi<\/span><\/a><span style=\"font-weight: 400;\"> i fasady budynku.<\/span><\/p>\n<h2><b>Szeroko\u015b\u0107 daszka \u2013 wi\u0119cej ni\u017c szeroko\u015b\u0107 drzwi<\/b><\/h2>\n<p><span style=\"font-weight: 400;\">Najcz\u0119stszym b\u0142\u0119dem jest wyb\u00f3r daszka dok\u0142adnie o takiej samej szeroko\u015bci jak drzwi. W praktyce to rozwi\u0105zanie rzadko zapewnia odpowiedni\u0105 ochron\u0119.<\/span><span style=\"font-weight: 400;\"><br \/>\n<\/span><span style=\"font-weight: 400;\"><br \/>\n<\/span><span style=\"font-weight: 400;\">Aby daszek skutecznie chroni\u0142 wej\u015bcie przed deszczem i \u015bniegiem, <\/span><b>powinien by\u0107 szerszy ni\u017c drzwi<\/b><span style=\"font-weight: 400;\"> \u2014 najlepiej o oko\u0142o 20\u201330 cm z ka\u017cdej strony.<\/span><span style=\"font-weight: 400;\"><br \/>\n<\/span><span style=\"font-weight: 400;\">Dzi\u0119ki temu:<\/span><\/p>\n<ul>\n<li style=\"font-weight: 400;\" aria-level=\"1\"><span style=\"font-weight: 400;\">woda nie sp\u0142ywa bezpo\u015brednio przy o\u015bcie\u017cnicy,<\/span><\/li>\n<li style=\"font-weight: 400;\" aria-level=\"1\"><span style=\"font-weight: 400;\">wej\u015bcie jest lepiej os\u0142oni\u0119te przed wiatrem,<\/span><\/li>\n<li style=\"font-weight: 400;\" aria-level=\"1\"><span style=\"font-weight: 400;\">ca\u0142o\u015b\u0107 wygl\u0105da bardziej proporcjonalnie.<\/span><\/li>\n<\/ul>\n<p><span style=\"font-weight: 400;\">W przypadku szerszych drzwi, witryn lub bram warto rozwa\u017cy\u0107 modele modu\u0142owe lub zestawy \u0142\u0105czone, kt\u00f3re pozwalaj\u0105 uzyska\u0107 wi\u0119ksz\u0105 powierzchni\u0119 zadaszenia.<\/span><\/p>\n<h2><b>G\u0142\u0119boko\u015b\u0107 daszka \u2013 klucz do realnej ochrony<\/b><\/h2>\n<p><span style=\"font-weight: 400;\">Drugim wa\u017cnym parametrem jest g\u0142\u0119boko\u015b\u0107, czyli to, jak daleko daszek wystaje od \u015bciany.<\/span><span style=\"font-weight: 400;\"><br \/>\n<\/span><span style=\"font-weight: 400;\"><br \/>\n<\/span><span style=\"font-weight: 400;\">To w\u0142a\u015bnie ten wymiar decyduje o tym, czy daszek faktycznie chroni przed opadami.<\/span><span style=\"font-weight: 400;\"><br \/>\n<\/span><span style=\"font-weight: 400;\">Zbyt p\u0142ytki model mo\u017ce wygl\u0105da\u0107 dobrze, ale w praktyce nie zatrzyma deszczu przy silniejszym wietrze.<\/span><span style=\"font-weight: 400;\"><br \/>\n<\/span><span style=\"font-weight: 400;\"><br \/>\n<\/span><span style=\"font-weight: 400;\">Optymalna g\u0142\u0119boko\u015b\u0107 to zazwyczaj:<\/span><\/p>\n<ul>\n<li style=\"font-weight: 400;\" aria-level=\"1\"><b>70\u201390 cm<\/b><span style=\"font-weight: 400;\"> dla standardowych wej\u015b\u0107,<\/span><\/li>\n<li style=\"font-weight: 400;\" aria-level=\"1\"><span style=\"font-weight: 400;\">wi\u0119cej w przypadku drzwi szczeg\u00f3lnie nara\u017conych na opady.<\/span><\/li>\n<\/ul>\n<p><span style=\"font-weight: 400;\">Dobrze dobrana g\u0142\u0119boko\u015b\u0107 pozwala ograniczy\u0107:<\/span><\/p>\n<ul>\n<li style=\"font-weight: 400;\" aria-level=\"1\"><span style=\"font-weight: 400;\">wpadanie deszczu pod drzwi,<\/span><\/li>\n<li style=\"font-weight: 400;\" aria-level=\"1\"><span style=\"font-weight: 400;\">gromadzenie si\u0119 wody przy progu,<\/span><\/li>\n<li style=\"font-weight: 400;\" aria-level=\"1\"><span style=\"font-weight: 400;\">zabrudzenia wnoszone do wn\u0119trza.<\/span><\/li>\n<\/ul>\n<h2><b>Dopasowanie do elewacji \u2013 proporcje maj\u0105 znaczenie<\/b><\/h2>\n<p><span style=\"font-weight: 400;\">Daszek powinien by\u0107 naturalnym elementem elewacji, a nie dodatkiem, kt\u00f3ry zaburza jej wygl\u0105d.<\/span><\/p>\n<p><span style=\"font-weight: 400;\">Przy wyborze rozmiaru warto zwr\u00f3ci\u0107 uwag\u0119 na:<\/span><\/p>\n<ul>\n<li style=\"font-weight: 400;\" aria-level=\"1\"><span style=\"font-weight: 400;\">szeroko\u015b\u0107 \u015bciany wok\u00f3\u0142 drzwi,<\/span><\/li>\n<li style=\"font-weight: 400;\" aria-level=\"1\"><span style=\"font-weight: 400;\">obecno\u015b\u0107 okien lub innych element\u00f3w architektonicznych,<\/span><\/li>\n<li style=\"font-weight: 400;\" aria-level=\"1\"><span style=\"font-weight: 400;\">styl budynku (nowoczesny, klasyczny, minimalistyczny).<\/span><\/li>\n<\/ul>\n<p><span style=\"font-weight: 400;\">W nowoczesnych elewacjach cz\u0119sto sprawdzaj\u0105 si\u0119 szersze, proste daszki o wi\u0119kszej powierzchni.<\/span><span style=\"font-weight: 400;\"><br \/>\n<\/span><span style=\"font-weight: 400;\"> W bardziej klasycznych projektach lepiej wygl\u0105daj\u0105 proporcjonalne, nieco mniejsze modele, dopasowane do detali architektonicznych.<\/span><\/p>\n<h2><b>Kiedy warto wybra\u0107 wi\u0119kszy daszek?<\/b><\/h2>\n<p><span style=\"font-weight: 400;\">S\u0105 sytuacje, w kt\u00f3rych wi\u0119kszy rozmiar nie tylko poprawia wygl\u0105d, ale przede wszystkim zwi\u0119ksza funkcjonalno\u015b\u0107.<\/span><\/p>\n<p><span style=\"font-weight: 400;\">Warto rozwa\u017cy\u0107 wi\u0119kszy daszek, gdy:<\/span><\/p>\n<ul>\n<li style=\"font-weight: 400;\" aria-level=\"1\"><span style=\"font-weight: 400;\">wej\u015bcie jest nara\u017cone na wiatr i opady,<\/span><\/li>\n<li style=\"font-weight: 400;\" aria-level=\"1\"><span style=\"font-weight: 400;\">drzwi znajduj\u0105 si\u0119 bezpo\u015brednio przy otwartej przestrzeni,<\/span><\/li>\n<li style=\"font-weight: 400;\" aria-level=\"1\"><span style=\"font-weight: 400;\">zale\u017cy Ci na wi\u0119kszym komforcie u\u017cytkowania (np. podczas otwierania drzwi w deszczu),<\/span><\/li>\n<li style=\"font-weight: 400;\" aria-level=\"1\"><span style=\"font-weight: 400;\">chcesz stworzy\u0107 bardziej rozbudowan\u0105 stref\u0119 wej\u015bcia.<\/span><\/li>\n<\/ul>\n<h2><b>Modu\u0142owe rozwi\u0105zania \u2013 elastyczno\u015b\u0107 dopasowania<\/b><\/h2>\n<p><span style=\"font-weight: 400;\">W przypadku wi\u0119kszych przestrzeni coraz cz\u0119\u015bciej stosuje si\u0119 daszki modu\u0142owe. Pozwalaj\u0105 one na:<\/span><\/p>\n<ul>\n<li style=\"font-weight: 400;\" aria-level=\"1\"><span style=\"font-weight: 400;\">\u0142\u0105czenie kilku element\u00f3w w jedn\u0105 konstrukcj\u0119,<\/span><\/li>\n<li style=\"font-weight: 400;\" aria-level=\"1\"><span style=\"font-weight: 400;\">dopasowanie szeroko\u015bci do konkretnego projektu,<\/span><\/li>\n<li style=\"font-weight: 400;\" aria-level=\"1\"><span style=\"font-weight: 400;\">mo\u017cliwo\u015b\u0107 rozbudowy w przysz\u0142o\u015bci.<\/span><\/li>\n<\/ul>\n<p><span style=\"font-weight: 400;\">To rozwi\u0105zanie szczeg\u00f3lnie przydatne przy szerokich wej\u015bciach, witrynach lub nowoczesnych elewacjach.<\/span><\/p>\n<h2><b>Podsumowanie<\/b><\/h2>\n<p><span style=\"font-weight: 400;\">Dob\u00f3r odpowiedniego rozmiaru daszka to po\u0142\u0105czenie dw\u00f3ch rzeczy: funkcjonalno\u015bci i estetyki.<\/span><\/p>\n<p><span style=\"font-weight: 400;\">W praktyce oznacza to:<\/span><\/p>\n<ul>\n<li style=\"font-weight: 400;\" aria-level=\"1\"><span style=\"font-weight: 400;\">wyb\u00f3r modelu szerszego ni\u017c drzwi,<\/span><\/li>\n<li style=\"font-weight: 400;\" aria-level=\"1\"><span style=\"font-weight: 400;\">dopasowanie g\u0142\u0119boko\u015bci do realnych warunk\u00f3w pogodowych,<\/span><\/li>\n<li style=\"font-weight: 400;\" aria-level=\"1\"><span style=\"font-weight: 400;\">zachowanie proporcji wzgl\u0119dem elewacji.<\/span><\/li>\n<\/ul>\n<p><span style=\"font-weight: 400;\">Dobrze dobrany daszek nie tylko chroni przed deszczem i \u015bniegiem, ale r\u00f3wnie\u017c <\/span><b>podkre\u015bla charakter budynku i poprawia komfort codziennego u\u017cytkowania wej\u015bcia<\/b><span style=\"font-weight: 400;\">.<\/span><\/p>\n","protected":false},"excerpt":{"rendered":"<p>Wyb\u00f3r daszka nad drzwiami to nie tylko kwestia modelu czy koloru. Jednym z najwa\u017cniejszych element\u00f3w, kt\u00f3ry wp\u0142ywa zar\u00f3wno na funkcjonalno\u015b\u0107,<\/p>\n","protected":false},"author":4858,"featured_media":12351,"comment_status":"open","ping_status":"open","sticky":false,"template":"","format":"standard","meta":{"footnotes":""},"categories":[252],"tags":[254,327],"class_list":["post-12350","post","type-post","status-publish","format-standard","has-post-thumbnail","hentry","category-blog","tag-daszek-nad-drzwi","tag-jak-dobrac-daszek-nad-drzwi"],"yoast_head":"<!-- This site is optimized with the Yoast SEO plugin v27.4 - https:\/\/yoast.com\/product\/yoast-seo-wordpress\/ -->\n<title>Jak dobra\u0107 rozmiar daszka do drzwi i elewacji? - Arctom<\/title>\n<meta name=\"description\" content=\"Dob\u00f3r odpowiedniego rozmiaru daszka nad drzwiami ma kluczowe znaczenie dla jego funkcjonalno\u015bci i wygl\u0105du. Sprawd\u017a, jak dopasowa\u0107 szeroko\u015b\u0107 i g\u0142\u0119boko\u015b\u0107 do elewacji.\" \/>\n<meta name=\"robots\" content=\"index, follow, max-snippet:-1, max-image-preview:large, max-video-preview:-1\" \/>\n<link rel=\"canonical\" href=\"https:\/\/arctom.pl\/fr\/blog\/jak-dobrac-rozmiar-daszka-do-drzwi-i-elewacji\/\" \/>\n<meta property=\"og:locale\" content=\"fr_FR\" \/>\n<meta property=\"og:type\" content=\"article\" \/>\n<meta property=\"og:title\" content=\"Jak dobra\u0107 rozmiar daszka do drzwi i elewacji? - Arctom\" \/>\n<meta property=\"og:description\" content=\"Dob\u00f3r odpowiedniego rozmiaru daszka nad drzwiami ma kluczowe znaczenie dla jego funkcjonalno\u015bci i wygl\u0105du. Sprawd\u017a, jak dopasowa\u0107 szeroko\u015b\u0107 i g\u0142\u0119boko\u015b\u0107 do elewacji.\" \/>\n<meta property=\"og:url\" content=\"https:\/\/arctom.pl\/fr\/blog\/jak-dobrac-rozmiar-daszka-do-drzwi-i-elewacji\/\" \/>\n<meta property=\"og:site_name\" content=\"Arctom\" \/>\n<meta property=\"article:published_time\" content=\"2026-04-14T10:30:12+00:00\" \/>\n<meta property=\"og:image\" content=\"https:\/\/arctom.pl\/wp-content\/uploads\/2026\/04\/Arctom-blog-2-1024x576.png\" \/>\n\t<meta property=\"og:image:width\" content=\"1024\" \/>\n\t<meta property=\"og:image:height\" content=\"576\" \/>\n\t<meta property=\"og:image:type\" content=\"image\/png\" \/>\n<meta name=\"author\" content=\"Wiktor Szyszkowski\" \/>\n<meta name=\"twitter:card\" content=\"summary_large_image\" \/>\n<meta name=\"twitter:label1\" content=\"\u00c9crit par\" \/>\n\t<meta name=\"twitter:data1\" content=\"Wiktor Szyszkowski\" \/>\n\t<meta name=\"twitter:label2\" content=\"Dur\u00e9e de lecture estim\u00e9e\" \/>\n\t<meta name=\"twitter:data2\" content=\"3 minutes\" \/>\n<script type=\"application\/ld+json\" class=\"yoast-schema-graph\">{\"@context\":\"https:\\\/\\\/schema.org\",\"@graph\":[{\"@type\":\"Article\",\"@id\":\"https:\\\/\\\/arctom.pl\\\/fr\\\/blog\\\/jak-dobrac-rozmiar-daszka-do-drzwi-i-elewacji\\\/#article\",\"isPartOf\":{\"@id\":\"https:\\\/\\\/arctom.pl\\\/fr\\\/blog\\\/jak-dobrac-rozmiar-daszka-do-drzwi-i-elewacji\\\/\"},\"author\":{\"name\":\"Wiktor Szyszkowski\",\"@id\":\"https:\\\/\\\/arctom.pl\\\/fr\\\/#\\\/schema\\\/person\\\/10b22f52aa9be6187e3ec66822323ca9\"},\"headline\":\"Jak dobra\u0107 rozmiar daszka do drzwi i elewacji?\",\"datePublished\":\"2026-04-14T10:30:12+00:00\",\"mainEntityOfPage\":{\"@id\":\"https:\\\/\\\/arctom.pl\\\/fr\\\/blog\\\/jak-dobrac-rozmiar-daszka-do-drzwi-i-elewacji\\\/\"},\"wordCount\":567,\"commentCount\":0,\"publisher\":{\"@id\":\"https:\\\/\\\/arctom.pl\\\/fr\\\/#organization\"},\"image\":{\"@id\":\"https:\\\/\\\/arctom.pl\\\/fr\\\/blog\\\/jak-dobrac-rozmiar-daszka-do-drzwi-i-elewacji\\\/#primaryimage\"},\"thumbnailUrl\":\"https:\\\/\\\/arctom.pl\\\/wp-content\\\/uploads\\\/2026\\\/04\\\/Arctom-blog-2.png\",\"keywords\":[\"Daszek nad drzwi\",\"jak dobra\u0107 daszek nad drzwi\"],\"articleSection\":[\"Blog\"],\"inLanguage\":\"fr-FR\",\"potentialAction\":[{\"@type\":\"CommentAction\",\"name\":\"Comment\",\"target\":[\"https:\\\/\\\/arctom.pl\\\/fr\\\/blog\\\/jak-dobrac-rozmiar-daszka-do-drzwi-i-elewacji\\\/#respond\"]}]},{\"@type\":\"WebPage\",\"@id\":\"https:\\\/\\\/arctom.pl\\\/fr\\\/blog\\\/jak-dobrac-rozmiar-daszka-do-drzwi-i-elewacji\\\/\",\"url\":\"https:\\\/\\\/arctom.pl\\\/fr\\\/blog\\\/jak-dobrac-rozmiar-daszka-do-drzwi-i-elewacji\\\/\",\"name\":\"Jak dobra\u0107 rozmiar daszka do drzwi i elewacji? - Arctom\",\"isPartOf\":{\"@id\":\"https:\\\/\\\/arctom.pl\\\/fr\\\/#website\"},\"primaryImageOfPage\":{\"@id\":\"https:\\\/\\\/arctom.pl\\\/fr\\\/blog\\\/jak-dobrac-rozmiar-daszka-do-drzwi-i-elewacji\\\/#primaryimage\"},\"image\":{\"@id\":\"https:\\\/\\\/arctom.pl\\\/fr\\\/blog\\\/jak-dobrac-rozmiar-daszka-do-drzwi-i-elewacji\\\/#primaryimage\"},\"thumbnailUrl\":\"https:\\\/\\\/arctom.pl\\\/wp-content\\\/uploads\\\/2026\\\/04\\\/Arctom-blog-2.png\",\"datePublished\":\"2026-04-14T10:30:12+00:00\",\"description\":\"Dob\u00f3r odpowiedniego rozmiaru daszka nad drzwiami ma kluczowe znaczenie dla jego funkcjonalno\u015bci i wygl\u0105du. Sprawd\u017a, jak dopasowa\u0107 szeroko\u015b\u0107 i g\u0142\u0119boko\u015b\u0107 do elewacji.\",\"breadcrumb\":{\"@id\":\"https:\\\/\\\/arctom.pl\\\/fr\\\/blog\\\/jak-dobrac-rozmiar-daszka-do-drzwi-i-elewacji\\\/#breadcrumb\"},\"inLanguage\":\"fr-FR\",\"potentialAction\":[{\"@type\":\"ReadAction\",\"target\":[\"https:\\\/\\\/arctom.pl\\\/fr\\\/blog\\\/jak-dobrac-rozmiar-daszka-do-drzwi-i-elewacji\\\/\"]}]},{\"@type\":\"ImageObject\",\"inLanguage\":\"fr-FR\",\"@id\":\"https:\\\/\\\/arctom.pl\\\/fr\\\/blog\\\/jak-dobrac-rozmiar-daszka-do-drzwi-i-elewacji\\\/#primaryimage\",\"url\":\"https:\\\/\\\/arctom.pl\\\/wp-content\\\/uploads\\\/2026\\\/04\\\/Arctom-blog-2.png\",\"contentUrl\":\"https:\\\/\\\/arctom.pl\\\/wp-content\\\/uploads\\\/2026\\\/04\\\/Arctom-blog-2.png\",\"width\":2560,\"height\":1440,\"caption\":\"Jak dobra\u0107 daszek nad drzwi \u2013 Arctom\"},{\"@type\":\"BreadcrumbList\",\"@id\":\"https:\\\/\\\/arctom.pl\\\/fr\\\/blog\\\/jak-dobrac-rozmiar-daszka-do-drzwi-i-elewacji\\\/#breadcrumb\",\"itemListElement\":[{\"@type\":\"ListItem\",\"position\":1,\"name\":\"Arctom\",\"item\":\"https:\\\/\\\/arctom.pl\\\/fr\\\/\"},{\"@type\":\"ListItem\",\"position\":2,\"name\":\"Blog\",\"item\":\"https:\\\/\\\/arctom.pl\\\/kat\\\/blog\\\/\"},{\"@type\":\"ListItem\",\"position\":3,\"name\":\"Jak dobra\u0107 rozmiar daszka do drzwi i elewacji?\"}]},{\"@type\":\"WebSite\",\"@id\":\"https:\\\/\\\/arctom.pl\\\/fr\\\/#website\",\"url\":\"https:\\\/\\\/arctom.pl\\\/fr\\\/\",\"name\":\"Arctom\",\"description\":\"\",\"publisher\":{\"@id\":\"https:\\\/\\\/arctom.pl\\\/fr\\\/#organization\"},\"potentialAction\":[{\"@type\":\"SearchAction\",\"target\":{\"@type\":\"EntryPoint\",\"urlTemplate\":\"https:\\\/\\\/arctom.pl\\\/fr\\\/?s={search_term_string}\"},\"query-input\":{\"@type\":\"PropertyValueSpecification\",\"valueRequired\":true,\"valueName\":\"search_term_string\"}}],\"inLanguage\":\"fr-FR\"},{\"@type\":\"Organization\",\"@id\":\"https:\\\/\\\/arctom.pl\\\/fr\\\/#organization\",\"name\":\"Arctom\",\"url\":\"https:\\\/\\\/arctom.pl\\\/fr\\\/\",\"logo\":{\"@type\":\"ImageObject\",\"inLanguage\":\"fr-FR\",\"@id\":\"https:\\\/\\\/arctom.pl\\\/fr\\\/#\\\/schema\\\/logo\\\/image\\\/\",\"url\":\"https:\\\/\\\/arctom.pl\\\/wp-content\\\/uploads\\\/2023\\\/11\\\/arctom-logo.png\",\"contentUrl\":\"https:\\\/\\\/arctom.pl\\\/wp-content\\\/uploads\\\/2023\\\/11\\\/arctom-logo.png\",\"width\":171,\"height\":62,\"caption\":\"Arctom\"},\"image\":{\"@id\":\"https:\\\/\\\/arctom.pl\\\/fr\\\/#\\\/schema\\\/logo\\\/image\\\/\"}},{\"@type\":\"Person\",\"@id\":\"https:\\\/\\\/arctom.pl\\\/fr\\\/#\\\/schema\\\/person\\\/10b22f52aa9be6187e3ec66822323ca9\",\"name\":\"Wiktor Szyszkowski\",\"image\":{\"@type\":\"ImageObject\",\"inLanguage\":\"fr-FR\",\"@id\":\"https:\\\/\\\/secure.gravatar.com\\\/avatar\\\/dc98aa6781800b145cdce0923d15819dcfe9e8a334702f4a304281b977105aca?s=96&d=mm&r=g\",\"url\":\"https:\\\/\\\/secure.gravatar.com\\\/avatar\\\/dc98aa6781800b145cdce0923d15819dcfe9e8a334702f4a304281b977105aca?s=96&d=mm&r=g\",\"contentUrl\":\"https:\\\/\\\/secure.gravatar.com\\\/avatar\\\/dc98aa6781800b145cdce0923d15819dcfe9e8a334702f4a304281b977105aca?s=96&d=mm&r=g\",\"caption\":\"Wiktor Szyszkowski\"}}]}<\/script>\n<!-- \/ Yoast SEO plugin. -->","yoast_head_json":{"title":"Jak dobra\u0107 rozmiar daszka do drzwi i elewacji? - Arctom","description":"Dob\u00f3r odpowiedniego rozmiaru daszka nad drzwiami ma kluczowe znaczenie dla jego funkcjonalno\u015bci i wygl\u0105du. Sprawd\u017a, jak dopasowa\u0107 szeroko\u015b\u0107 i g\u0142\u0119boko\u015b\u0107 do elewacji.","robots":{"index":"index","follow":"follow","max-snippet":"max-snippet:-1","max-image-preview":"max-image-preview:large","max-video-preview":"max-video-preview:-1"},"canonical":"https:\/\/arctom.pl\/fr\/blog\/jak-dobrac-rozmiar-daszka-do-drzwi-i-elewacji\/","og_locale":"fr_FR","og_type":"article","og_title":"Jak dobra\u0107 rozmiar daszka do drzwi i elewacji? - Arctom","og_description":"Dob\u00f3r odpowiedniego rozmiaru daszka nad drzwiami ma kluczowe znaczenie dla jego funkcjonalno\u015bci i wygl\u0105du. Sprawd\u017a, jak dopasowa\u0107 szeroko\u015b\u0107 i g\u0142\u0119boko\u015b\u0107 do elewacji.","og_url":"https:\/\/arctom.pl\/fr\/blog\/jak-dobrac-rozmiar-daszka-do-drzwi-i-elewacji\/","og_site_name":"Arctom","article_published_time":"2026-04-14T10:30:12+00:00","og_image":[{"width":1024,"height":576,"url":"https:\/\/arctom.pl\/wp-content\/uploads\/2026\/04\/Arctom-blog-2-1024x576.png","type":"image\/png"}],"author":"Wiktor Szyszkowski","twitter_card":"summary_large_image","twitter_misc":{"\u00c9crit par":"Wiktor Szyszkowski","Dur\u00e9e de lecture estim\u00e9e":"3 minutes"},"schema":{"@context":"https:\/\/schema.org","@graph":[{"@type":"Article","@id":"https:\/\/arctom.pl\/fr\/blog\/jak-dobrac-rozmiar-daszka-do-drzwi-i-elewacji\/#article","isPartOf":{"@id":"https:\/\/arctom.pl\/fr\/blog\/jak-dobrac-rozmiar-daszka-do-drzwi-i-elewacji\/"},"author":{"name":"Wiktor Szyszkowski","@id":"https:\/\/arctom.pl\/fr\/#\/schema\/person\/10b22f52aa9be6187e3ec66822323ca9"},"headline":"Jak dobra\u0107 rozmiar daszka do drzwi i elewacji?","datePublished":"2026-04-14T10:30:12+00:00","mainEntityOfPage":{"@id":"https:\/\/arctom.pl\/fr\/blog\/jak-dobrac-rozmiar-daszka-do-drzwi-i-elewacji\/"},"wordCount":567,"commentCount":0,"publisher":{"@id":"https:\/\/arctom.pl\/fr\/#organization"},"image":{"@id":"https:\/\/arctom.pl\/fr\/blog\/jak-dobrac-rozmiar-daszka-do-drzwi-i-elewacji\/#primaryimage"},"thumbnailUrl":"https:\/\/arctom.pl\/wp-content\/uploads\/2026\/04\/Arctom-blog-2.png","keywords":["Daszek nad drzwi","jak dobra\u0107 daszek nad drzwi"],"articleSection":["Blog"],"inLanguage":"fr-FR","potentialAction":[{"@type":"CommentAction","name":"Comment","target":["https:\/\/arctom.pl\/fr\/blog\/jak-dobrac-rozmiar-daszka-do-drzwi-i-elewacji\/#respond"]}]},{"@type":"WebPage","@id":"https:\/\/arctom.pl\/fr\/blog\/jak-dobrac-rozmiar-daszka-do-drzwi-i-elewacji\/","url":"https:\/\/arctom.pl\/fr\/blog\/jak-dobrac-rozmiar-daszka-do-drzwi-i-elewacji\/","name":"Jak dobra\u0107 rozmiar daszka do drzwi i elewacji? - Arctom","isPartOf":{"@id":"https:\/\/arctom.pl\/fr\/#website"},"primaryImageOfPage":{"@id":"https:\/\/arctom.pl\/fr\/blog\/jak-dobrac-rozmiar-daszka-do-drzwi-i-elewacji\/#primaryimage"},"image":{"@id":"https:\/\/arctom.pl\/fr\/blog\/jak-dobrac-rozmiar-daszka-do-drzwi-i-elewacji\/#primaryimage"},"thumbnailUrl":"https:\/\/arctom.pl\/wp-content\/uploads\/2026\/04\/Arctom-blog-2.png","datePublished":"2026-04-14T10:30:12+00:00","description":"Dob\u00f3r odpowiedniego rozmiaru daszka nad drzwiami ma kluczowe znaczenie dla jego funkcjonalno\u015bci i wygl\u0105du. Sprawd\u017a, jak dopasowa\u0107 szeroko\u015b\u0107 i g\u0142\u0119boko\u015b\u0107 do elewacji.","breadcrumb":{"@id":"https:\/\/arctom.pl\/fr\/blog\/jak-dobrac-rozmiar-daszka-do-drzwi-i-elewacji\/#breadcrumb"},"inLanguage":"fr-FR","potentialAction":[{"@type":"ReadAction","target":["https:\/\/arctom.pl\/fr\/blog\/jak-dobrac-rozmiar-daszka-do-drzwi-i-elewacji\/"]}]},{"@type":"ImageObject","inLanguage":"fr-FR","@id":"https:\/\/arctom.pl\/fr\/blog\/jak-dobrac-rozmiar-daszka-do-drzwi-i-elewacji\/#primaryimage","url":"https:\/\/arctom.pl\/wp-content\/uploads\/2026\/04\/Arctom-blog-2.png","contentUrl":"https:\/\/arctom.pl\/wp-content\/uploads\/2026\/04\/Arctom-blog-2.png","width":2560,"height":1440,"caption":"Jak dobra\u0107 daszek nad drzwi \u2013 Arctom"},{"@type":"BreadcrumbList","@id":"https:\/\/arctom.pl\/fr\/blog\/jak-dobrac-rozmiar-daszka-do-drzwi-i-elewacji\/#breadcrumb","itemListElement":[{"@type":"ListItem","position":1,"name":"Arctom","item":"https:\/\/arctom.pl\/fr\/"},{"@type":"ListItem","position":2,"name":"Blog","item":"https:\/\/arctom.pl\/kat\/blog\/"},{"@type":"ListItem","position":3,"name":"Jak dobra\u0107 rozmiar daszka do drzwi i elewacji?"}]},{"@type":"WebSite","@id":"https:\/\/arctom.pl\/fr\/#website","url":"https:\/\/arctom.pl\/fr\/","name":"Arctom","description":"","publisher":{"@id":"https:\/\/arctom.pl\/fr\/#organization"},"potentialAction":[{"@type":"SearchAction","target":{"@type":"EntryPoint","urlTemplate":"https:\/\/arctom.pl\/fr\/?s={search_term_string}"},"query-input":{"@type":"PropertyValueSpecification","valueRequired":true,"valueName":"search_term_string"}}],"inLanguage":"fr-FR"},{"@type":"Organization","@id":"https:\/\/arctom.pl\/fr\/#organization","name":"Arctom","url":"https:\/\/arctom.pl\/fr\/","logo":{"@type":"ImageObject","inLanguage":"fr-FR","@id":"https:\/\/arctom.pl\/fr\/#\/schema\/logo\/image\/","url":"https:\/\/arctom.pl\/wp-content\/uploads\/2023\/11\/arctom-logo.png","contentUrl":"https:\/\/arctom.pl\/wp-content\/uploads\/2023\/11\/arctom-logo.png","width":171,"height":62,"caption":"Arctom"},"image":{"@id":"https:\/\/arctom.pl\/fr\/#\/schema\/logo\/image\/"}},{"@type":"Person","@id":"https:\/\/arctom.pl\/fr\/#\/schema\/person\/10b22f52aa9be6187e3ec66822323ca9","name":"Wiktor Szyszkowski","image":{"@type":"ImageObject","inLanguage":"fr-FR","@id":"https:\/\/secure.gravatar.com\/avatar\/dc98aa6781800b145cdce0923d15819dcfe9e8a334702f4a304281b977105aca?s=96&d=mm&r=g","url":"https:\/\/secure.gravatar.com\/avatar\/dc98aa6781800b145cdce0923d15819dcfe9e8a334702f4a304281b977105aca?s=96&d=mm&r=g","contentUrl":"https:\/\/secure.gravatar.com\/avatar\/dc98aa6781800b145cdce0923d15819dcfe9e8a334702f4a304281b977105aca?s=96&d=mm&r=g","caption":"Wiktor Szyszkowski"}}]}},"_links":{"self":[{"href":"https:\/\/arctom.pl\/fr\/wp-json\/wp\/v2\/posts\/12350","targetHints":{"allow":["GET"]}}],"collection":[{"href":"https:\/\/arctom.pl\/fr\/wp-json\/wp\/v2\/posts"}],"about":[{"href":"https:\/\/arctom.pl\/fr\/wp-json\/wp\/v2\/types\/post"}],"author":[{"embeddable":true,"href":"https:\/\/arctom.pl\/fr\/wp-json\/wp\/v2\/users\/4858"}],"replies":[{"embeddable":true,"href":"https:\/\/arctom.pl\/fr\/wp-json\/wp\/v2\/comments?post=12350"}],"version-history":[{"count":1,"href":"https:\/\/arctom.pl\/fr\/wp-json\/wp\/v2\/posts\/12350\/revisions"}],"predecessor-version":[{"id":12353,"href":"https:\/\/arctom.pl\/fr\/wp-json\/wp\/v2\/posts\/12350\/revisions\/12353"}],"wp:featuredmedia":[{"embeddable":true,"href":"https:\/\/arctom.pl\/fr\/wp-json\/wp\/v2\/media\/12351"}],"wp:attachment":[{"href":"https:\/\/arctom.pl\/fr\/wp-json\/wp\/v2\/media?parent=12350"}],"wp:term":[{"taxonomy":"category","embeddable":true,"href":"https:\/\/arctom.pl\/fr\/wp-json\/wp\/v2\/categories?post=12350"},{"taxonomy":"post_tag","embeddable":true,"href":"https:\/\/arctom.pl\/fr\/wp-json\/wp\/v2\/tags?post=12350"}],"curies":[{"name":"wp","href":"https:\/\/api.w.org\/{rel}","templated":true}]}}