{"id":12178,"date":"2026-01-14T12:40:55","date_gmt":"2026-01-14T11:40:55","guid":{"rendered":"https:\/\/arctom.pl\/?p=12178"},"modified":"2026-04-27T09:45:01","modified_gmt":"2026-04-27T07:45:01","slug":"czy-daszek-trzeba-odsniezac-fakty-i-mity-zimowe","status":"publish","type":"post","link":"https:\/\/arctom.pl\/fr\/blog\/czy-daszek-trzeba-odsniezac-fakty-i-mity-zimowe\/","title":{"rendered":"Czy daszek trzeba od\u015bnie\u017ca\u0107? Fakty i mity zimowe"},"content":{"rendered":"<p><strong>Czy daszek trzeba od\u015bnie\u017ca\u0107? Fakty i mity zimowe<\/strong><\/p>\n<p>Zim\u0105 daszek nad drzwiami staje si\u0119 jednym z najbardziej eksploatowanych element\u00f3w strefy wej\u015bcia. Chroni przed \u015bniegiem, deszczem, wilgoci\u0105 i lodem, ale jednocze\u015bnie sam musi poradzi\u0107 sobie z trudnymi warunkami pogodowymi. Nic wi\u0119c dziwnego, \u017ce wielu u\u017cytkownik\u00f3w zadaje sobie pytanie: czy daszek trzeba regularnie od\u015bnie\u017ca\u0107?<\/p>\n<p>Odpowied\u017a nie jest jednoznaczna \u2014 wszystko zale\u017cy od konstrukcji, materia\u0142\u00f3w oraz warunk\u00f3w atmosferycznych. Przyjrzyjmy si\u0119 faktom i najcz\u0119\u015bciej powielanym mitom.<\/p>\n<p><strong>Mit 1: Ka\u017cdy daszek zim\u0105 trzeba od\u015bnie\u017ca\u0107<\/strong><\/p>\n<p>To jedno z najcz\u0119stszych przekona\u0144, kt\u00f3re nie zawsze znajduje uzasadnienie. Dobrze zaprojektowany daszek nie wymaga rutynowego od\u015bnie\u017cania po ka\u017cdych opadach. Nale\u017cy jednak usuwa\u0107 zalegaj\u0105ce warstwy \u015bniegu, je\u015bli istnieje ryzyko przekroczenia deklarowanego przez producenta ud\u017awigu \u2014 mo\u017ce to bowiem wp\u0142yn\u0105\u0107 na stabilno\u015b\u0107 konstrukcji oraz jej trwa\u0142o\u015b\u0107 w d\u0142u\u017cszej perspektywie.<\/p>\n<p>Nowoczesne daszki wykonane z poliw\u0119glanu i aluminium s\u0105 projektowane z my\u015bl\u0105 o obci\u0105\u017ceniach \u015bniegiem typowych dla naszego klimatu. Kluczowe znaczenie maj\u0105 tutaj:<\/p>\n<ul>\n<li>deklarowany ud\u017awig konstrukcji,<\/li>\n<li>k\u0105t nachylenia u\u0142atwiaj\u0105cy zsuwanie si\u0119 \u015bniegu,<\/li>\n<li>stabilno\u015b\u0107 mocowa\u0144 i wspornik\u00f3w.<\/li>\n<\/ul>\n<p>W praktyce lekki, suchy \u015bnieg cz\u0119sto samoczynnie zsuwa si\u0119 z powierzchni daszka.<\/p>\n<p><strong>Fakt: S\u0105 sytuacje, w kt\u00f3rych warto usun\u0105\u0107 \u015bnieg<\/strong><\/p>\n<p>Cho\u0107 w wielu przypadkach daszek radzi sobie sam, istniej\u0105 warunki, w kt\u00f3rych kontrola i ewentualne usuni\u0119cie \u015bniegu jest rozs\u0105dnym dzia\u0142aniem. Dotyczy to przede wszystkim:<\/p>\n<ul>\n<li>d\u0142ugotrwa\u0142ych, intensywnych opad\u00f3w,<\/li>\n<li>mokrego, ci\u0119\u017ckiego \u015bniegu zalegaj\u0105cego przez kilka dni,<\/li>\n<li>okres\u00f3w odwil\u017cy i ponownego mrozu, gdy \u015bnieg zamarza w zwart\u0105 bry\u0142\u0119 lodu.<\/li>\n<\/ul>\n<p>W takich sytuacjach nadmiar \u015bniegu zwi\u0119ksza obci\u0105\u017cenie konstrukcji i mo\u017ce ogranicza\u0107 skuteczno\u015b\u0107 odprowadzania wody.<\/p>\n<p>&nbsp;<\/p>\n<p><strong>Mit 2: Wysoki ud\u017awig oznacza brak problem\u00f3w<\/strong><\/p>\n<p>Parametr ud\u017awigu (np. 80, 90 czy 110 kg) okre\u015bla maksymalne bezpieczne obci\u0105\u017cenie konstrukcji. Nie oznacza to jednak, \u017ce daszek mo\u017cna pozostawi\u0107 bez kontroli w ka\u017cdych warunkach.<\/p>\n<p>D\u0142ugotrwa\u0142e zaleganie ci\u0119\u017ckiego \u015bniegu:<\/p>\n<ul>\n<li>obci\u0105\u017ca mocowania,<\/li>\n<li>sprzyja powstawaniu bry\u0142 lodu,<\/li>\n<li>mo\u017ce prowadzi\u0107 do gromadzenia si\u0119 wody przy elewacji.<\/li>\n<\/ul>\n<p>Dlatego nawet solidny daszek warto obserwowa\u0107 podczas wyj\u0105tkowo intensywnej zimy.<\/p>\n<p><strong>Fakt: K\u0105t nachylenia ma ogromne znaczenie<\/strong><\/p>\n<p>Jednym z najwa\u017cniejszych czynnik\u00f3w wp\u0142ywaj\u0105cych na odporno\u015b\u0107 daszka zim\u0105 jest jego geometria. Modele o odpowiednim spadku znacznie lepiej radz\u0105 sobie z opadami \u015bniegu, poniewa\u017c:<\/p>\n<ul>\n<li>\u015bnieg nie zalega na nich d\u0142ugo,<\/li>\n<li>\u0142atwiej si\u0119 osuwa,<\/li>\n<li>nie tworzy grubych, ci\u0119\u017ckich warstw.<\/li>\n<\/ul>\n<p>Dlatego w dobrze zaprojektowanych konstrukcjach unika si\u0119 ca\u0142kowicie p\u0142askich powierzchni, a forma wspiera naturalny sp\u0142yw \u015bniegu i wody.<\/p>\n<p><strong>Mit 3: Od\u015bnie\u017canie zawsze jest bezpieczne<\/strong><\/p>\n<p>To jeden z bardziej problematycznych mit\u00f3w. Nieumiej\u0119tne od\u015bnie\u017canie mo\u017ce doprowadzi\u0107 do uszkodzenia daszka.<\/p>\n<p>U\u017cywanie ostrych narz\u0119dzi, metalowych \u0142opat czy skuwanie lodu mo\u017ce:<\/p>\n<ul>\n<li>zarysowa\u0107 p\u0142yt\u0119 poliw\u0119glanow\u0105,<\/li>\n<li>uszkodzi\u0107 warstw\u0119 ochronn\u0105 UV,<\/li>\n<li>rozszczelni\u0107 po\u0142\u0105czenia przy\u015bcienne.<\/li>\n<\/ul>\n<p>Je\u015bli zachodzi potrzeba usuni\u0119cia \u015bniegu, nale\u017cy robi\u0107 to delikatnie \u2014 przy u\u017cyciu mi\u0119kkiej szczotki lub zmiotki, bez wywierania nadmiernego nacisku na konstrukcj\u0119.<\/p>\n<p><strong>Podsumowanie<\/strong><\/p>\n<p>Daszek nie zawsze wymaga regularnego od\u015bnie\u017cania \u2014 pod warunkiem, \u017ce zosta\u0142 dobrze zaprojektowany i dopasowany do warunk\u00f3w u\u017cytkowania. Kluczowa jest jednak obserwacja i zdrowy rozs\u0105dek: w trudnych warunkach zimowych warto reagowa\u0107, zanim nadmiar \u015bniegu stanie si\u0119 realnym obci\u0105\u017ceniem.<\/p>\n","protected":false},"excerpt":{"rendered":"<p>Czy daszek trzeba od\u015bnie\u017ca\u0107? Fakty i mity zimowe Zim\u0105 daszek nad drzwiami staje si\u0119 jednym z najbardziej eksploatowanych element\u00f3w strefy<\/p>\n","protected":false},"author":4858,"featured_media":12179,"comment_status":"open","ping_status":"open","sticky":false,"template":"","format":"standard","meta":{"footnotes":""},"categories":[252],"tags":[254,320],"class_list":["post-12178","post","type-post","status-publish","format-standard","has-post-thumbnail","hentry","category-blog","tag-daszek-nad-drzwi","tag-daszek-nad-drzwi-na-zime"],"yoast_head":"<!-- This site is optimized with the Yoast SEO plugin v27.4 - https:\/\/yoast.com\/product\/yoast-seo-wordpress\/ -->\n<title>Czy daszek trzeba od\u015bnie\u017ca\u0107? Fakty i mity zimowe - Arctom<\/title>\n<meta name=\"description\" content=\"Czy daszek trzeba od\u015bnie\u017ca\u0107? Zima stawia wyzwania, ale wyros\u0142o wok\u00f3\u0142 tego wiele mit\u00f3w. Jaka jest prawda na ten temat?\" \/>\n<meta name=\"robots\" content=\"index, follow, max-snippet:-1, max-image-preview:large, max-video-preview:-1\" \/>\n<link rel=\"canonical\" href=\"https:\/\/arctom.pl\/fr\/blog\/czy-daszek-trzeba-odsniezac-fakty-i-mity-zimowe\/\" \/>\n<meta property=\"og:locale\" content=\"fr_FR\" \/>\n<meta property=\"og:type\" content=\"article\" \/>\n<meta property=\"og:title\" content=\"Czy daszek trzeba od\u015bnie\u017ca\u0107? Fakty i mity zimowe - Arctom\" \/>\n<meta property=\"og:description\" content=\"Czy daszek trzeba od\u015bnie\u017ca\u0107? Zima stawia wyzwania, ale wyros\u0142o wok\u00f3\u0142 tego wiele mit\u00f3w. Jaka jest prawda na ten temat?\" \/>\n<meta property=\"og:url\" content=\"https:\/\/arctom.pl\/fr\/blog\/czy-daszek-trzeba-odsniezac-fakty-i-mity-zimowe\/\" \/>\n<meta property=\"og:site_name\" content=\"Arctom\" \/>\n<meta property=\"article:published_time\" content=\"2026-01-14T11:40:55+00:00\" \/>\n<meta property=\"article:modified_time\" content=\"2026-04-27T07:45:01+00:00\" \/>\n<meta property=\"og:image\" content=\"https:\/\/arctom.pl\/wp-content\/uploads\/2026\/01\/Arctom-blog-1024x576.png\" \/>\n\t<meta property=\"og:image:width\" content=\"1024\" \/>\n\t<meta property=\"og:image:height\" content=\"576\" \/>\n\t<meta property=\"og:image:type\" content=\"image\/png\" \/>\n<meta name=\"author\" content=\"Wiktor Szyszkowski\" \/>\n<meta name=\"twitter:card\" content=\"summary_large_image\" \/>\n<meta name=\"twitter:label1\" content=\"\u00c9crit par\" \/>\n\t<meta name=\"twitter:data1\" content=\"Wiktor Szyszkowski\" \/>\n\t<meta name=\"twitter:label2\" content=\"Dur\u00e9e de lecture estim\u00e9e\" \/>\n\t<meta name=\"twitter:data2\" content=\"3 minutes\" \/>\n<script type=\"application\/ld+json\" class=\"yoast-schema-graph\">{\"@context\":\"https:\\\/\\\/schema.org\",\"@graph\":[{\"@type\":\"Article\",\"@id\":\"https:\\\/\\\/arctom.pl\\\/fr\\\/blog\\\/czy-daszek-trzeba-odsniezac-fakty-i-mity-zimowe\\\/#article\",\"isPartOf\":{\"@id\":\"https:\\\/\\\/arctom.pl\\\/fr\\\/blog\\\/czy-daszek-trzeba-odsniezac-fakty-i-mity-zimowe\\\/\"},\"author\":{\"name\":\"Wiktor Szyszkowski\",\"@id\":\"https:\\\/\\\/arctom.pl\\\/fr\\\/#\\\/schema\\\/person\\\/10b22f52aa9be6187e3ec66822323ca9\"},\"headline\":\"Czy daszek trzeba od\u015bnie\u017ca\u0107? Fakty i mity zimowe\",\"datePublished\":\"2026-01-14T11:40:55+00:00\",\"dateModified\":\"2026-04-27T07:45:01+00:00\",\"mainEntityOfPage\":{\"@id\":\"https:\\\/\\\/arctom.pl\\\/fr\\\/blog\\\/czy-daszek-trzeba-odsniezac-fakty-i-mity-zimowe\\\/\"},\"wordCount\":568,\"commentCount\":0,\"publisher\":{\"@id\":\"https:\\\/\\\/arctom.pl\\\/fr\\\/#organization\"},\"image\":{\"@id\":\"https:\\\/\\\/arctom.pl\\\/fr\\\/blog\\\/czy-daszek-trzeba-odsniezac-fakty-i-mity-zimowe\\\/#primaryimage\"},\"thumbnailUrl\":\"https:\\\/\\\/arctom.pl\\\/wp-content\\\/uploads\\\/2026\\\/01\\\/Arctom-blog.png\",\"keywords\":[\"Daszek nad drzwi\",\"daszek nad drzwi na zim\u0119\"],\"articleSection\":[\"Blog\"],\"inLanguage\":\"fr-FR\",\"potentialAction\":[{\"@type\":\"CommentAction\",\"name\":\"Comment\",\"target\":[\"https:\\\/\\\/arctom.pl\\\/fr\\\/blog\\\/czy-daszek-trzeba-odsniezac-fakty-i-mity-zimowe\\\/#respond\"]}]},{\"@type\":\"WebPage\",\"@id\":\"https:\\\/\\\/arctom.pl\\\/fr\\\/blog\\\/czy-daszek-trzeba-odsniezac-fakty-i-mity-zimowe\\\/\",\"url\":\"https:\\\/\\\/arctom.pl\\\/fr\\\/blog\\\/czy-daszek-trzeba-odsniezac-fakty-i-mity-zimowe\\\/\",\"name\":\"Czy daszek trzeba od\u015bnie\u017ca\u0107? Fakty i mity zimowe - Arctom\",\"isPartOf\":{\"@id\":\"https:\\\/\\\/arctom.pl\\\/fr\\\/#website\"},\"primaryImageOfPage\":{\"@id\":\"https:\\\/\\\/arctom.pl\\\/fr\\\/blog\\\/czy-daszek-trzeba-odsniezac-fakty-i-mity-zimowe\\\/#primaryimage\"},\"image\":{\"@id\":\"https:\\\/\\\/arctom.pl\\\/fr\\\/blog\\\/czy-daszek-trzeba-odsniezac-fakty-i-mity-zimowe\\\/#primaryimage\"},\"thumbnailUrl\":\"https:\\\/\\\/arctom.pl\\\/wp-content\\\/uploads\\\/2026\\\/01\\\/Arctom-blog.png\",\"datePublished\":\"2026-01-14T11:40:55+00:00\",\"dateModified\":\"2026-04-27T07:45:01+00:00\",\"description\":\"Czy daszek trzeba od\u015bnie\u017ca\u0107? Zima stawia wyzwania, ale wyros\u0142o wok\u00f3\u0142 tego wiele mit\u00f3w. Jaka jest prawda na ten temat?\",\"breadcrumb\":{\"@id\":\"https:\\\/\\\/arctom.pl\\\/fr\\\/blog\\\/czy-daszek-trzeba-odsniezac-fakty-i-mity-zimowe\\\/#breadcrumb\"},\"inLanguage\":\"fr-FR\",\"potentialAction\":[{\"@type\":\"ReadAction\",\"target\":[\"https:\\\/\\\/arctom.pl\\\/fr\\\/blog\\\/czy-daszek-trzeba-odsniezac-fakty-i-mity-zimowe\\\/\"]}]},{\"@type\":\"ImageObject\",\"inLanguage\":\"fr-FR\",\"@id\":\"https:\\\/\\\/arctom.pl\\\/fr\\\/blog\\\/czy-daszek-trzeba-odsniezac-fakty-i-mity-zimowe\\\/#primaryimage\",\"url\":\"https:\\\/\\\/arctom.pl\\\/wp-content\\\/uploads\\\/2026\\\/01\\\/Arctom-blog.png\",\"contentUrl\":\"https:\\\/\\\/arctom.pl\\\/wp-content\\\/uploads\\\/2026\\\/01\\\/Arctom-blog.png\",\"width\":2560,\"height\":1440,\"caption\":\"Czy daszek trzeba od\u015bnie\u017ca\u0107? \u2013 Arctom\"},{\"@type\":\"BreadcrumbList\",\"@id\":\"https:\\\/\\\/arctom.pl\\\/fr\\\/blog\\\/czy-daszek-trzeba-odsniezac-fakty-i-mity-zimowe\\\/#breadcrumb\",\"itemListElement\":[{\"@type\":\"ListItem\",\"position\":1,\"name\":\"Arctom\",\"item\":\"https:\\\/\\\/arctom.pl\\\/fr\\\/\"},{\"@type\":\"ListItem\",\"position\":2,\"name\":\"Blog\",\"item\":\"https:\\\/\\\/arctom.pl\\\/kat\\\/blog\\\/\"},{\"@type\":\"ListItem\",\"position\":3,\"name\":\"Czy daszek trzeba od\u015bnie\u017ca\u0107? Fakty i mity zimowe\"}]},{\"@type\":\"WebSite\",\"@id\":\"https:\\\/\\\/arctom.pl\\\/fr\\\/#website\",\"url\":\"https:\\\/\\\/arctom.pl\\\/fr\\\/\",\"name\":\"Arctom\",\"description\":\"\",\"publisher\":{\"@id\":\"https:\\\/\\\/arctom.pl\\\/fr\\\/#organization\"},\"potentialAction\":[{\"@type\":\"SearchAction\",\"target\":{\"@type\":\"EntryPoint\",\"urlTemplate\":\"https:\\\/\\\/arctom.pl\\\/fr\\\/?s={search_term_string}\"},\"query-input\":{\"@type\":\"PropertyValueSpecification\",\"valueRequired\":true,\"valueName\":\"search_term_string\"}}],\"inLanguage\":\"fr-FR\"},{\"@type\":\"Organization\",\"@id\":\"https:\\\/\\\/arctom.pl\\\/fr\\\/#organization\",\"name\":\"Arctom\",\"url\":\"https:\\\/\\\/arctom.pl\\\/fr\\\/\",\"logo\":{\"@type\":\"ImageObject\",\"inLanguage\":\"fr-FR\",\"@id\":\"https:\\\/\\\/arctom.pl\\\/fr\\\/#\\\/schema\\\/logo\\\/image\\\/\",\"url\":\"https:\\\/\\\/arctom.pl\\\/wp-content\\\/uploads\\\/2023\\\/11\\\/arctom-logo.png\",\"contentUrl\":\"https:\\\/\\\/arctom.pl\\\/wp-content\\\/uploads\\\/2023\\\/11\\\/arctom-logo.png\",\"width\":171,\"height\":62,\"caption\":\"Arctom\"},\"image\":{\"@id\":\"https:\\\/\\\/arctom.pl\\\/fr\\\/#\\\/schema\\\/logo\\\/image\\\/\"}},{\"@type\":\"Person\",\"@id\":\"https:\\\/\\\/arctom.pl\\\/fr\\\/#\\\/schema\\\/person\\\/10b22f52aa9be6187e3ec66822323ca9\",\"name\":\"Wiktor Szyszkowski\",\"image\":{\"@type\":\"ImageObject\",\"inLanguage\":\"fr-FR\",\"@id\":\"https:\\\/\\\/secure.gravatar.com\\\/avatar\\\/dc98aa6781800b145cdce0923d15819dcfe9e8a334702f4a304281b977105aca?s=96&d=mm&r=g\",\"url\":\"https:\\\/\\\/secure.gravatar.com\\\/avatar\\\/dc98aa6781800b145cdce0923d15819dcfe9e8a334702f4a304281b977105aca?s=96&d=mm&r=g\",\"contentUrl\":\"https:\\\/\\\/secure.gravatar.com\\\/avatar\\\/dc98aa6781800b145cdce0923d15819dcfe9e8a334702f4a304281b977105aca?s=96&d=mm&r=g\",\"caption\":\"Wiktor Szyszkowski\"}}]}<\/script>\n<!-- \/ Yoast SEO plugin. -->","yoast_head_json":{"title":"Czy daszek trzeba od\u015bnie\u017ca\u0107? Fakty i mity zimowe - Arctom","description":"Czy daszek trzeba od\u015bnie\u017ca\u0107? Zima stawia wyzwania, ale wyros\u0142o wok\u00f3\u0142 tego wiele mit\u00f3w. Jaka jest prawda na ten temat?","robots":{"index":"index","follow":"follow","max-snippet":"max-snippet:-1","max-image-preview":"max-image-preview:large","max-video-preview":"max-video-preview:-1"},"canonical":"https:\/\/arctom.pl\/fr\/blog\/czy-daszek-trzeba-odsniezac-fakty-i-mity-zimowe\/","og_locale":"fr_FR","og_type":"article","og_title":"Czy daszek trzeba od\u015bnie\u017ca\u0107? Fakty i mity zimowe - Arctom","og_description":"Czy daszek trzeba od\u015bnie\u017ca\u0107? Zima stawia wyzwania, ale wyros\u0142o wok\u00f3\u0142 tego wiele mit\u00f3w. Jaka jest prawda na ten temat?","og_url":"https:\/\/arctom.pl\/fr\/blog\/czy-daszek-trzeba-odsniezac-fakty-i-mity-zimowe\/","og_site_name":"Arctom","article_published_time":"2026-01-14T11:40:55+00:00","article_modified_time":"2026-04-27T07:45:01+00:00","og_image":[{"width":1024,"height":576,"url":"https:\/\/arctom.pl\/wp-content\/uploads\/2026\/01\/Arctom-blog-1024x576.png","type":"image\/png"}],"author":"Wiktor Szyszkowski","twitter_card":"summary_large_image","twitter_misc":{"\u00c9crit par":"Wiktor Szyszkowski","Dur\u00e9e de lecture estim\u00e9e":"3 minutes"},"schema":{"@context":"https:\/\/schema.org","@graph":[{"@type":"Article","@id":"https:\/\/arctom.pl\/fr\/blog\/czy-daszek-trzeba-odsniezac-fakty-i-mity-zimowe\/#article","isPartOf":{"@id":"https:\/\/arctom.pl\/fr\/blog\/czy-daszek-trzeba-odsniezac-fakty-i-mity-zimowe\/"},"author":{"name":"Wiktor Szyszkowski","@id":"https:\/\/arctom.pl\/fr\/#\/schema\/person\/10b22f52aa9be6187e3ec66822323ca9"},"headline":"Czy daszek trzeba od\u015bnie\u017ca\u0107? Fakty i mity zimowe","datePublished":"2026-01-14T11:40:55+00:00","dateModified":"2026-04-27T07:45:01+00:00","mainEntityOfPage":{"@id":"https:\/\/arctom.pl\/fr\/blog\/czy-daszek-trzeba-odsniezac-fakty-i-mity-zimowe\/"},"wordCount":568,"commentCount":0,"publisher":{"@id":"https:\/\/arctom.pl\/fr\/#organization"},"image":{"@id":"https:\/\/arctom.pl\/fr\/blog\/czy-daszek-trzeba-odsniezac-fakty-i-mity-zimowe\/#primaryimage"},"thumbnailUrl":"https:\/\/arctom.pl\/wp-content\/uploads\/2026\/01\/Arctom-blog.png","keywords":["Daszek nad drzwi","daszek nad drzwi na zim\u0119"],"articleSection":["Blog"],"inLanguage":"fr-FR","potentialAction":[{"@type":"CommentAction","name":"Comment","target":["https:\/\/arctom.pl\/fr\/blog\/czy-daszek-trzeba-odsniezac-fakty-i-mity-zimowe\/#respond"]}]},{"@type":"WebPage","@id":"https:\/\/arctom.pl\/fr\/blog\/czy-daszek-trzeba-odsniezac-fakty-i-mity-zimowe\/","url":"https:\/\/arctom.pl\/fr\/blog\/czy-daszek-trzeba-odsniezac-fakty-i-mity-zimowe\/","name":"Czy daszek trzeba od\u015bnie\u017ca\u0107? Fakty i mity zimowe - Arctom","isPartOf":{"@id":"https:\/\/arctom.pl\/fr\/#website"},"primaryImageOfPage":{"@id":"https:\/\/arctom.pl\/fr\/blog\/czy-daszek-trzeba-odsniezac-fakty-i-mity-zimowe\/#primaryimage"},"image":{"@id":"https:\/\/arctom.pl\/fr\/blog\/czy-daszek-trzeba-odsniezac-fakty-i-mity-zimowe\/#primaryimage"},"thumbnailUrl":"https:\/\/arctom.pl\/wp-content\/uploads\/2026\/01\/Arctom-blog.png","datePublished":"2026-01-14T11:40:55+00:00","dateModified":"2026-04-27T07:45:01+00:00","description":"Czy daszek trzeba od\u015bnie\u017ca\u0107? Zima stawia wyzwania, ale wyros\u0142o wok\u00f3\u0142 tego wiele mit\u00f3w. Jaka jest prawda na ten temat?","breadcrumb":{"@id":"https:\/\/arctom.pl\/fr\/blog\/czy-daszek-trzeba-odsniezac-fakty-i-mity-zimowe\/#breadcrumb"},"inLanguage":"fr-FR","potentialAction":[{"@type":"ReadAction","target":["https:\/\/arctom.pl\/fr\/blog\/czy-daszek-trzeba-odsniezac-fakty-i-mity-zimowe\/"]}]},{"@type":"ImageObject","inLanguage":"fr-FR","@id":"https:\/\/arctom.pl\/fr\/blog\/czy-daszek-trzeba-odsniezac-fakty-i-mity-zimowe\/#primaryimage","url":"https:\/\/arctom.pl\/wp-content\/uploads\/2026\/01\/Arctom-blog.png","contentUrl":"https:\/\/arctom.pl\/wp-content\/uploads\/2026\/01\/Arctom-blog.png","width":2560,"height":1440,"caption":"Czy daszek trzeba od\u015bnie\u017ca\u0107? \u2013 Arctom"},{"@type":"BreadcrumbList","@id":"https:\/\/arctom.pl\/fr\/blog\/czy-daszek-trzeba-odsniezac-fakty-i-mity-zimowe\/#breadcrumb","itemListElement":[{"@type":"ListItem","position":1,"name":"Arctom","item":"https:\/\/arctom.pl\/fr\/"},{"@type":"ListItem","position":2,"name":"Blog","item":"https:\/\/arctom.pl\/kat\/blog\/"},{"@type":"ListItem","position":3,"name":"Czy daszek trzeba od\u015bnie\u017ca\u0107? Fakty i mity zimowe"}]},{"@type":"WebSite","@id":"https:\/\/arctom.pl\/fr\/#website","url":"https:\/\/arctom.pl\/fr\/","name":"Arctom","description":"","publisher":{"@id":"https:\/\/arctom.pl\/fr\/#organization"},"potentialAction":[{"@type":"SearchAction","target":{"@type":"EntryPoint","urlTemplate":"https:\/\/arctom.pl\/fr\/?s={search_term_string}"},"query-input":{"@type":"PropertyValueSpecification","valueRequired":true,"valueName":"search_term_string"}}],"inLanguage":"fr-FR"},{"@type":"Organization","@id":"https:\/\/arctom.pl\/fr\/#organization","name":"Arctom","url":"https:\/\/arctom.pl\/fr\/","logo":{"@type":"ImageObject","inLanguage":"fr-FR","@id":"https:\/\/arctom.pl\/fr\/#\/schema\/logo\/image\/","url":"https:\/\/arctom.pl\/wp-content\/uploads\/2023\/11\/arctom-logo.png","contentUrl":"https:\/\/arctom.pl\/wp-content\/uploads\/2023\/11\/arctom-logo.png","width":171,"height":62,"caption":"Arctom"},"image":{"@id":"https:\/\/arctom.pl\/fr\/#\/schema\/logo\/image\/"}},{"@type":"Person","@id":"https:\/\/arctom.pl\/fr\/#\/schema\/person\/10b22f52aa9be6187e3ec66822323ca9","name":"Wiktor Szyszkowski","image":{"@type":"ImageObject","inLanguage":"fr-FR","@id":"https:\/\/secure.gravatar.com\/avatar\/dc98aa6781800b145cdce0923d15819dcfe9e8a334702f4a304281b977105aca?s=96&d=mm&r=g","url":"https:\/\/secure.gravatar.com\/avatar\/dc98aa6781800b145cdce0923d15819dcfe9e8a334702f4a304281b977105aca?s=96&d=mm&r=g","contentUrl":"https:\/\/secure.gravatar.com\/avatar\/dc98aa6781800b145cdce0923d15819dcfe9e8a334702f4a304281b977105aca?s=96&d=mm&r=g","caption":"Wiktor Szyszkowski"}}]}},"_links":{"self":[{"href":"https:\/\/arctom.pl\/fr\/wp-json\/wp\/v2\/posts\/12178","targetHints":{"allow":["GET"]}}],"collection":[{"href":"https:\/\/arctom.pl\/fr\/wp-json\/wp\/v2\/posts"}],"about":[{"href":"https:\/\/arctom.pl\/fr\/wp-json\/wp\/v2\/types\/post"}],"author":[{"embeddable":true,"href":"https:\/\/arctom.pl\/fr\/wp-json\/wp\/v2\/users\/4858"}],"replies":[{"embeddable":true,"href":"https:\/\/arctom.pl\/fr\/wp-json\/wp\/v2\/comments?post=12178"}],"version-history":[{"count":3,"href":"https:\/\/arctom.pl\/fr\/wp-json\/wp\/v2\/posts\/12178\/revisions"}],"predecessor-version":[{"id":12515,"href":"https:\/\/arctom.pl\/fr\/wp-json\/wp\/v2\/posts\/12178\/revisions\/12515"}],"wp:featuredmedia":[{"embeddable":true,"href":"https:\/\/arctom.pl\/fr\/wp-json\/wp\/v2\/media\/12179"}],"wp:attachment":[{"href":"https:\/\/arctom.pl\/fr\/wp-json\/wp\/v2\/media?parent=12178"}],"wp:term":[{"taxonomy":"category","embeddable":true,"href":"https:\/\/arctom.pl\/fr\/wp-json\/wp\/v2\/categories?post=12178"},{"taxonomy":"post_tag","embeddable":true,"href":"https:\/\/arctom.pl\/fr\/wp-json\/wp\/v2\/tags?post=12178"}],"curies":[{"name":"wp","href":"https:\/\/api.w.org\/{rel}","templated":true}]}}