{"id":11423,"date":"2025-04-14T13:18:06","date_gmt":"2025-04-14T11:18:06","guid":{"rendered":"https:\/\/arctom.pl\/?p=11423"},"modified":"2025-04-07T13:24:25","modified_gmt":"2025-04-07T11:24:25","slug":"daszek-jako-oslona-przed-uv-ile-promieniowania-naprawde-zatrzymuje","status":"publish","type":"post","link":"https:\/\/arctom.pl\/fr\/blog\/daszek-jako-oslona-przed-uv-ile-promieniowania-naprawde-zatrzymuje\/","title":{"rendered":"Daszek jako os\u0142ona przed UV \u2013 ile promieniowania naprawd\u0119 zatrzymuje?"},"content":{"rendered":"<p><span style=\"font-weight: 400;\">Daszki nad drzwi wej\u015bciowe pe\u0142ni\u0105 wiele funkcji: chroni\u0105 przed deszczem, \u015bniegiem, a tak\u017ce stanowi\u0105 barier\u0119 dla promieniowania s\u0142onecznego. Szczeg\u00f3lnie istotna jest ich rola w kontek\u015bcie ochrony przed promieniowaniem UV, kt\u00f3re mo\u017ce nie tylko niszczy\u0107 materia\u0142y wyko\u0144czeniowe drzwi i elewacji, ale r\u00f3wnie\u017c szkodzi\u0107 naszemu zdrowiu.<\/span><\/p>\n<h3><b>Czym jest promieniowanie UV i dlaczego warto si\u0119 przed nim chroni\u0107?<\/b><\/h3>\n<p><span style=\"font-weight: 400;\">Promieniowanie ultrafioletowe (UV) to sk\u0142adnik promieniowania s\u0142onecznego, dzielony na trzy zakresy: UVA, UVB i UVC. Najbardziej niebezpieczne UVC jest niemal w ca\u0142o\u015bci poch\u0142aniane przez atmosfer\u0119, ale UVA i UVB docieraj\u0105 do powierzchni ziemi. UVB powoduje poparzenia s\u0142oneczne, natomiast UVA odpowiada za fotostarzenie si\u0119 sk\u00f3ry i uszkodzenia kom\u00f3rkowe.<\/span><span style=\"font-weight: 400;\"><br \/>\n<\/span><span style=\"font-weight: 400;\"><br \/>\n<\/span><span style=\"font-weight: 400;\">D\u0142ugotrwa\u0142a ekspozycja na UV mo\u017ce prowadzi\u0107 do przebarwie\u0144, blakni\u0119cia materia\u0142\u00f3w i zniszcze\u0144 powierzchni drzwi czy ok\u0142adzin elewacyjnych. Dlatego skuteczna os\u0142ona UV to nie tylko kwestia komfortu, ale r\u00f3wnie\u017c trwa\u0142o\u015bci i bezpiecze\u0144stwa.<\/span><\/p>\n<h3><b>Poliw\u0119glan jako filtr UV \u2013 jak dzia\u0142a?<\/b><\/h3>\n<p><span style=\"font-weight: 400;\">Nowoczesne<\/span><a href=\"https:\/\/arctom.pl\/produkty\/\"><span style=\"font-weight: 400;\"> daszki z poliw\u0119glanu<\/span><\/a><span style=\"font-weight: 400;\"> s\u0105 cz\u0119sto wyposa\u017cane w specjalne warstwy ochronne, kt\u00f3re zatrzymuj\u0105 nawet do 98% szkodliwego promieniowania UV. Dotyczy to zar\u00f3wno poliw\u0119glanu litego, jak i komorowego.<\/span><b> Wed\u0142ug danych producent\u00f3w wsp\u00f3\u0142czynnik transmisji UV wynosi zaledwie 0,5\u20132% w przypadku paneli z pow\u0142ok\u0105 ochronn\u0105.<\/b><b><br \/>\n<\/b><span style=\"font-weight: 400;\"><br \/>\n<\/span><span style=\"font-weight: 400;\">Oznacza to, \u017ce daszek mo\u017ce skutecznie chroni\u0107 zar\u00f3wno ludzi, jak i materia\u0142y znajduj\u0105ce si\u0119 pod nim. Dodatkowo warstwa UV stabilizuje sam materia\u0142, zapobiegaj\u0105c jego \u017c\u00f3\u0142kni\u0119ciu i kruszeniu si\u0119.<\/span><\/p>\n<h4><b>Jakie daszki zapewniaj\u0105 najlepszy poziom ochrony?<\/b><\/h4>\n<p><span style=\"font-weight: 400;\">Nie wszystkie daszki zapewniaj\u0105 taki sam poziom ochrony UV. <\/span><b>Ogromne znaczenie ma rodzaj u\u017cytego poliw\u0119glanu oraz obecno\u015b\u0107 warstwy zabezpieczaj\u0105cej.<\/b><span style=\"font-weight: 400;\"> W naszej ofercie znajduj\u0105 si\u0119 modele wykonane z poliw\u0119glanu z ochron\u0105 UV, jak na przyk\u0142ad <\/span><a href=\"https:\/\/arctom.pl\/p\/daszek-turkus\/\"><span style=\"font-weight: 400;\">Turkus<\/span><\/a><span style=\"font-weight: 400;\"> czy <\/span><a href=\"https:\/\/arctom.pl\/p\/daszek-arcus-70-bialy-ral-9016-poliweglan-komorowy-antracytowy-70-cm\/\"><span style=\"font-weight: 400;\">Arcus<\/span><\/a><span style=\"font-weight: 400;\">. Produkty te posiadaj\u0105 certyfikowane warstwy anty-UV, dzi\u0119ki czemu sprawdzaj\u0105 si\u0119 w nas\u0142onecznionych miejscach przez d\u0142ugie lata.<\/span><span style=\"font-weight: 400;\"><br \/>\n<\/span><span style=\"font-weight: 400;\"><br \/>\n<\/span><span style=\"font-weight: 400;\">Wa\u017cne jest r\u00f3wnie\u017c to, \u017ce daszki te \u0142\u0105cz\u0105 skuteczn\u0105 ochron\u0119 z estetycznym wygl\u0105dem. Przezroczysto\u015b\u0107 materia\u0142u wcale nie musi oznacza\u0107 braku ochrony przed promieniowaniem.<\/span><\/p>\n<h4><b>Czy daszek mo\u017ce zast\u0105pi\u0107 krem z filtrem?<\/b><\/h4>\n<p><span style=\"font-weight: 400;\">Cho\u0107 daszek skutecznie ogranicza promieniowanie UV docieraj\u0105ce do przestrzeni pod nim, nie powinien by\u0107 traktowany jako jedyne zabezpieczenie przeciws\u0142oneczne. Promieniowanie UV odbija si\u0119 od powierzchni takich jak \u015bnieg, piasek czy elewacja budynku, dlatego w upalne dni ochrona osobista wci\u0105\u017c pozostaje istotna.<\/span><span style=\"font-weight: 400;\"><br \/>\n<\/span><span style=\"font-weight: 400;\"><br \/>\n<\/span><span style=\"font-weight: 400;\">Daszek mo\u017ce natomiast znacznie podnie\u015b\u0107 komfort korzystania z wej\u015bcia do domu, ograniczaj\u0105c nagrzewanie si\u0119 przestrzeni oraz zabezpieczaj\u0105c drzwi i elewacj\u0119 przed degradacj\u0105.<\/span><\/p>\n<h4><b>Podsumowanie<\/b><\/h4>\n<p><span style=\"font-weight: 400;\">Daszek z poliw\u0119glanu z warstw\u0105 UV mo\u017ce zatrzyma\u0107 nawet do 98% promieniowania ultrafioletowego, chroni\u0105c ludzi oraz powierzchnie budynku. To inwestycja, kt\u00f3ra przek\u0142ada si\u0119 nie tylko na wygod\u0119, ale r\u00f3wnie\u017c na d\u0142ugowieczno\u015b\u0107 materia\u0142\u00f3w i estetyk\u0119 domu.<\/span><\/p>\n","protected":false},"excerpt":{"rendered":"<p>Daszki nad drzwi wej\u015bciowe pe\u0142ni\u0105 wiele funkcji: chroni\u0105 przed deszczem, \u015bniegiem, a tak\u017ce stanowi\u0105 barier\u0119 dla promieniowania s\u0142onecznego. Szczeg\u00f3lnie istotna<\/p>\n","protected":false},"author":4858,"featured_media":11424,"comment_status":"open","ping_status":"open","sticky":false,"template":"","format":"standard","meta":{"footnotes":""},"categories":[252],"tags":[295,296],"class_list":["post-11423","post","type-post","status-publish","format-standard","has-post-thumbnail","hentry","category-blog","tag-daszek-nad-drfzwi","tag-promieniowanie-uv"],"yoast_head":"<!-- This site is optimized with the Yoast SEO plugin v27.4 - https:\/\/yoast.com\/product\/yoast-seo-wordpress\/ -->\n<title>Daszek jako os\u0142ona przed UV \u2013 ile promieniowania naprawd\u0119 zatrzymuje? - Arctom<\/title>\n<meta name=\"description\" content=\"Daszek nad drzwi mo\u017ce pe\u0142ni\u0107 wiele funkcji, Nowoczesne modele s\u0105 w stanie zatrzymywa\u0107 promieniowanie UV, ale jak to dok\u0142adnie dzia\u0142a?\" \/>\n<meta name=\"robots\" content=\"index, follow, max-snippet:-1, max-image-preview:large, max-video-preview:-1\" \/>\n<link rel=\"canonical\" href=\"https:\/\/arctom.pl\/fr\/blog\/daszek-jako-oslona-przed-uv-ile-promieniowania-naprawde-zatrzymuje\/\" \/>\n<meta property=\"og:locale\" content=\"fr_FR\" \/>\n<meta property=\"og:type\" content=\"article\" \/>\n<meta property=\"og:title\" content=\"Daszek jako os\u0142ona przed UV \u2013 ile promieniowania naprawd\u0119 zatrzymuje? - Arctom\" \/>\n<meta property=\"og:description\" content=\"Daszek nad drzwi mo\u017ce pe\u0142ni\u0107 wiele funkcji, Nowoczesne modele s\u0105 w stanie zatrzymywa\u0107 promieniowanie UV, ale jak to dok\u0142adnie dzia\u0142a?\" \/>\n<meta property=\"og:url\" content=\"https:\/\/arctom.pl\/fr\/blog\/daszek-jako-oslona-przed-uv-ile-promieniowania-naprawde-zatrzymuje\/\" \/>\n<meta property=\"og:site_name\" content=\"Arctom\" \/>\n<meta property=\"article:published_time\" content=\"2025-04-14T11:18:06+00:00\" \/>\n<meta property=\"og:image\" content=\"https:\/\/arctom.pl\/wp-content\/uploads\/2025\/04\/Arctom-blog-1-1024x576.png\" \/>\n\t<meta property=\"og:image:width\" content=\"1024\" \/>\n\t<meta property=\"og:image:height\" content=\"576\" \/>\n\t<meta property=\"og:image:type\" content=\"image\/png\" \/>\n<meta name=\"author\" content=\"Wiktor Szyszkowski\" \/>\n<meta name=\"twitter:card\" content=\"summary_large_image\" \/>\n<meta name=\"twitter:label1\" content=\"\u00c9crit par\" \/>\n\t<meta name=\"twitter:data1\" content=\"Wiktor Szyszkowski\" \/>\n\t<meta name=\"twitter:label2\" content=\"Dur\u00e9e de lecture estim\u00e9e\" \/>\n\t<meta name=\"twitter:data2\" content=\"3 minutes\" \/>\n<script type=\"application\/ld+json\" class=\"yoast-schema-graph\">{\"@context\":\"https:\\\/\\\/schema.org\",\"@graph\":[{\"@type\":\"Article\",\"@id\":\"https:\\\/\\\/arctom.pl\\\/fr\\\/blog\\\/daszek-jako-oslona-przed-uv-ile-promieniowania-naprawde-zatrzymuje\\\/#article\",\"isPartOf\":{\"@id\":\"https:\\\/\\\/arctom.pl\\\/fr\\\/blog\\\/daszek-jako-oslona-przed-uv-ile-promieniowania-naprawde-zatrzymuje\\\/\"},\"author\":{\"name\":\"Wiktor Szyszkowski\",\"@id\":\"https:\\\/\\\/arctom.pl\\\/fr\\\/#\\\/schema\\\/person\\\/10b22f52aa9be6187e3ec66822323ca9\"},\"headline\":\"Daszek jako os\u0142ona przed UV \u2013 ile promieniowania naprawd\u0119 zatrzymuje?\",\"datePublished\":\"2025-04-14T11:18:06+00:00\",\"mainEntityOfPage\":{\"@id\":\"https:\\\/\\\/arctom.pl\\\/fr\\\/blog\\\/daszek-jako-oslona-przed-uv-ile-promieniowania-naprawde-zatrzymuje\\\/\"},\"wordCount\":480,\"commentCount\":0,\"publisher\":{\"@id\":\"https:\\\/\\\/arctom.pl\\\/fr\\\/#organization\"},\"image\":{\"@id\":\"https:\\\/\\\/arctom.pl\\\/fr\\\/blog\\\/daszek-jako-oslona-przed-uv-ile-promieniowania-naprawde-zatrzymuje\\\/#primaryimage\"},\"thumbnailUrl\":\"https:\\\/\\\/arctom.pl\\\/wp-content\\\/uploads\\\/2025\\\/04\\\/Arctom-blog-1.png\",\"keywords\":[\"daszek nad drfzwi\",\"promieniowanie UV\"],\"articleSection\":[\"Blog\"],\"inLanguage\":\"fr-FR\",\"potentialAction\":[{\"@type\":\"CommentAction\",\"name\":\"Comment\",\"target\":[\"https:\\\/\\\/arctom.pl\\\/fr\\\/blog\\\/daszek-jako-oslona-przed-uv-ile-promieniowania-naprawde-zatrzymuje\\\/#respond\"]}]},{\"@type\":\"WebPage\",\"@id\":\"https:\\\/\\\/arctom.pl\\\/fr\\\/blog\\\/daszek-jako-oslona-przed-uv-ile-promieniowania-naprawde-zatrzymuje\\\/\",\"url\":\"https:\\\/\\\/arctom.pl\\\/fr\\\/blog\\\/daszek-jako-oslona-przed-uv-ile-promieniowania-naprawde-zatrzymuje\\\/\",\"name\":\"Daszek jako os\u0142ona przed UV \u2013 ile promieniowania naprawd\u0119 zatrzymuje? - Arctom\",\"isPartOf\":{\"@id\":\"https:\\\/\\\/arctom.pl\\\/fr\\\/#website\"},\"primaryImageOfPage\":{\"@id\":\"https:\\\/\\\/arctom.pl\\\/fr\\\/blog\\\/daszek-jako-oslona-przed-uv-ile-promieniowania-naprawde-zatrzymuje\\\/#primaryimage\"},\"image\":{\"@id\":\"https:\\\/\\\/arctom.pl\\\/fr\\\/blog\\\/daszek-jako-oslona-przed-uv-ile-promieniowania-naprawde-zatrzymuje\\\/#primaryimage\"},\"thumbnailUrl\":\"https:\\\/\\\/arctom.pl\\\/wp-content\\\/uploads\\\/2025\\\/04\\\/Arctom-blog-1.png\",\"datePublished\":\"2025-04-14T11:18:06+00:00\",\"description\":\"Daszek nad drzwi mo\u017ce pe\u0142ni\u0107 wiele funkcji, Nowoczesne modele s\u0105 w stanie zatrzymywa\u0107 promieniowanie UV, ale jak to dok\u0142adnie dzia\u0142a?\",\"breadcrumb\":{\"@id\":\"https:\\\/\\\/arctom.pl\\\/fr\\\/blog\\\/daszek-jako-oslona-przed-uv-ile-promieniowania-naprawde-zatrzymuje\\\/#breadcrumb\"},\"inLanguage\":\"fr-FR\",\"potentialAction\":[{\"@type\":\"ReadAction\",\"target\":[\"https:\\\/\\\/arctom.pl\\\/fr\\\/blog\\\/daszek-jako-oslona-przed-uv-ile-promieniowania-naprawde-zatrzymuje\\\/\"]}]},{\"@type\":\"ImageObject\",\"inLanguage\":\"fr-FR\",\"@id\":\"https:\\\/\\\/arctom.pl\\\/fr\\\/blog\\\/daszek-jako-oslona-przed-uv-ile-promieniowania-naprawde-zatrzymuje\\\/#primaryimage\",\"url\":\"https:\\\/\\\/arctom.pl\\\/wp-content\\\/uploads\\\/2025\\\/04\\\/Arctom-blog-1.png\",\"contentUrl\":\"https:\\\/\\\/arctom.pl\\\/wp-content\\\/uploads\\\/2025\\\/04\\\/Arctom-blog-1.png\",\"width\":2560,\"height\":1440,\"caption\":\"Daszek nad drzwi a promieniowanie UV - Arctom\"},{\"@type\":\"BreadcrumbList\",\"@id\":\"https:\\\/\\\/arctom.pl\\\/fr\\\/blog\\\/daszek-jako-oslona-przed-uv-ile-promieniowania-naprawde-zatrzymuje\\\/#breadcrumb\",\"itemListElement\":[{\"@type\":\"ListItem\",\"position\":1,\"name\":\"Arctom\",\"item\":\"https:\\\/\\\/arctom.pl\\\/fr\\\/\"},{\"@type\":\"ListItem\",\"position\":2,\"name\":\"Blog\",\"item\":\"https:\\\/\\\/arctom.pl\\\/kat\\\/blog\\\/\"},{\"@type\":\"ListItem\",\"position\":3,\"name\":\"Daszek jako os\u0142ona przed UV \u2013 ile promieniowania naprawd\u0119 zatrzymuje?\"}]},{\"@type\":\"WebSite\",\"@id\":\"https:\\\/\\\/arctom.pl\\\/fr\\\/#website\",\"url\":\"https:\\\/\\\/arctom.pl\\\/fr\\\/\",\"name\":\"Arctom\",\"description\":\"\",\"publisher\":{\"@id\":\"https:\\\/\\\/arctom.pl\\\/fr\\\/#organization\"},\"potentialAction\":[{\"@type\":\"SearchAction\",\"target\":{\"@type\":\"EntryPoint\",\"urlTemplate\":\"https:\\\/\\\/arctom.pl\\\/fr\\\/?s={search_term_string}\"},\"query-input\":{\"@type\":\"PropertyValueSpecification\",\"valueRequired\":true,\"valueName\":\"search_term_string\"}}],\"inLanguage\":\"fr-FR\"},{\"@type\":\"Organization\",\"@id\":\"https:\\\/\\\/arctom.pl\\\/fr\\\/#organization\",\"name\":\"Arctom\",\"url\":\"https:\\\/\\\/arctom.pl\\\/fr\\\/\",\"logo\":{\"@type\":\"ImageObject\",\"inLanguage\":\"fr-FR\",\"@id\":\"https:\\\/\\\/arctom.pl\\\/fr\\\/#\\\/schema\\\/logo\\\/image\\\/\",\"url\":\"https:\\\/\\\/arctom.pl\\\/wp-content\\\/uploads\\\/2023\\\/11\\\/arctom-logo.png\",\"contentUrl\":\"https:\\\/\\\/arctom.pl\\\/wp-content\\\/uploads\\\/2023\\\/11\\\/arctom-logo.png\",\"width\":171,\"height\":62,\"caption\":\"Arctom\"},\"image\":{\"@id\":\"https:\\\/\\\/arctom.pl\\\/fr\\\/#\\\/schema\\\/logo\\\/image\\\/\"}},{\"@type\":\"Person\",\"@id\":\"https:\\\/\\\/arctom.pl\\\/fr\\\/#\\\/schema\\\/person\\\/10b22f52aa9be6187e3ec66822323ca9\",\"name\":\"Wiktor Szyszkowski\",\"image\":{\"@type\":\"ImageObject\",\"inLanguage\":\"fr-FR\",\"@id\":\"https:\\\/\\\/secure.gravatar.com\\\/avatar\\\/dc98aa6781800b145cdce0923d15819dcfe9e8a334702f4a304281b977105aca?s=96&d=mm&r=g\",\"url\":\"https:\\\/\\\/secure.gravatar.com\\\/avatar\\\/dc98aa6781800b145cdce0923d15819dcfe9e8a334702f4a304281b977105aca?s=96&d=mm&r=g\",\"contentUrl\":\"https:\\\/\\\/secure.gravatar.com\\\/avatar\\\/dc98aa6781800b145cdce0923d15819dcfe9e8a334702f4a304281b977105aca?s=96&d=mm&r=g\",\"caption\":\"Wiktor Szyszkowski\"}}]}<\/script>\n<!-- \/ Yoast SEO plugin. -->","yoast_head_json":{"title":"Daszek jako os\u0142ona przed UV \u2013 ile promieniowania naprawd\u0119 zatrzymuje? - Arctom","description":"Daszek nad drzwi mo\u017ce pe\u0142ni\u0107 wiele funkcji, Nowoczesne modele s\u0105 w stanie zatrzymywa\u0107 promieniowanie UV, ale jak to dok\u0142adnie dzia\u0142a?","robots":{"index":"index","follow":"follow","max-snippet":"max-snippet:-1","max-image-preview":"max-image-preview:large","max-video-preview":"max-video-preview:-1"},"canonical":"https:\/\/arctom.pl\/fr\/blog\/daszek-jako-oslona-przed-uv-ile-promieniowania-naprawde-zatrzymuje\/","og_locale":"fr_FR","og_type":"article","og_title":"Daszek jako os\u0142ona przed UV \u2013 ile promieniowania naprawd\u0119 zatrzymuje? - Arctom","og_description":"Daszek nad drzwi mo\u017ce pe\u0142ni\u0107 wiele funkcji, Nowoczesne modele s\u0105 w stanie zatrzymywa\u0107 promieniowanie UV, ale jak to dok\u0142adnie dzia\u0142a?","og_url":"https:\/\/arctom.pl\/fr\/blog\/daszek-jako-oslona-przed-uv-ile-promieniowania-naprawde-zatrzymuje\/","og_site_name":"Arctom","article_published_time":"2025-04-14T11:18:06+00:00","og_image":[{"width":1024,"height":576,"url":"https:\/\/arctom.pl\/wp-content\/uploads\/2025\/04\/Arctom-blog-1-1024x576.png","type":"image\/png"}],"author":"Wiktor Szyszkowski","twitter_card":"summary_large_image","twitter_misc":{"\u00c9crit par":"Wiktor Szyszkowski","Dur\u00e9e de lecture estim\u00e9e":"3 minutes"},"schema":{"@context":"https:\/\/schema.org","@graph":[{"@type":"Article","@id":"https:\/\/arctom.pl\/fr\/blog\/daszek-jako-oslona-przed-uv-ile-promieniowania-naprawde-zatrzymuje\/#article","isPartOf":{"@id":"https:\/\/arctom.pl\/fr\/blog\/daszek-jako-oslona-przed-uv-ile-promieniowania-naprawde-zatrzymuje\/"},"author":{"name":"Wiktor Szyszkowski","@id":"https:\/\/arctom.pl\/fr\/#\/schema\/person\/10b22f52aa9be6187e3ec66822323ca9"},"headline":"Daszek jako os\u0142ona przed UV \u2013 ile promieniowania naprawd\u0119 zatrzymuje?","datePublished":"2025-04-14T11:18:06+00:00","mainEntityOfPage":{"@id":"https:\/\/arctom.pl\/fr\/blog\/daszek-jako-oslona-przed-uv-ile-promieniowania-naprawde-zatrzymuje\/"},"wordCount":480,"commentCount":0,"publisher":{"@id":"https:\/\/arctom.pl\/fr\/#organization"},"image":{"@id":"https:\/\/arctom.pl\/fr\/blog\/daszek-jako-oslona-przed-uv-ile-promieniowania-naprawde-zatrzymuje\/#primaryimage"},"thumbnailUrl":"https:\/\/arctom.pl\/wp-content\/uploads\/2025\/04\/Arctom-blog-1.png","keywords":["daszek nad drfzwi","promieniowanie UV"],"articleSection":["Blog"],"inLanguage":"fr-FR","potentialAction":[{"@type":"CommentAction","name":"Comment","target":["https:\/\/arctom.pl\/fr\/blog\/daszek-jako-oslona-przed-uv-ile-promieniowania-naprawde-zatrzymuje\/#respond"]}]},{"@type":"WebPage","@id":"https:\/\/arctom.pl\/fr\/blog\/daszek-jako-oslona-przed-uv-ile-promieniowania-naprawde-zatrzymuje\/","url":"https:\/\/arctom.pl\/fr\/blog\/daszek-jako-oslona-przed-uv-ile-promieniowania-naprawde-zatrzymuje\/","name":"Daszek jako os\u0142ona przed UV \u2013 ile promieniowania naprawd\u0119 zatrzymuje? - Arctom","isPartOf":{"@id":"https:\/\/arctom.pl\/fr\/#website"},"primaryImageOfPage":{"@id":"https:\/\/arctom.pl\/fr\/blog\/daszek-jako-oslona-przed-uv-ile-promieniowania-naprawde-zatrzymuje\/#primaryimage"},"image":{"@id":"https:\/\/arctom.pl\/fr\/blog\/daszek-jako-oslona-przed-uv-ile-promieniowania-naprawde-zatrzymuje\/#primaryimage"},"thumbnailUrl":"https:\/\/arctom.pl\/wp-content\/uploads\/2025\/04\/Arctom-blog-1.png","datePublished":"2025-04-14T11:18:06+00:00","description":"Daszek nad drzwi mo\u017ce pe\u0142ni\u0107 wiele funkcji, Nowoczesne modele s\u0105 w stanie zatrzymywa\u0107 promieniowanie UV, ale jak to dok\u0142adnie dzia\u0142a?","breadcrumb":{"@id":"https:\/\/arctom.pl\/fr\/blog\/daszek-jako-oslona-przed-uv-ile-promieniowania-naprawde-zatrzymuje\/#breadcrumb"},"inLanguage":"fr-FR","potentialAction":[{"@type":"ReadAction","target":["https:\/\/arctom.pl\/fr\/blog\/daszek-jako-oslona-przed-uv-ile-promieniowania-naprawde-zatrzymuje\/"]}]},{"@type":"ImageObject","inLanguage":"fr-FR","@id":"https:\/\/arctom.pl\/fr\/blog\/daszek-jako-oslona-przed-uv-ile-promieniowania-naprawde-zatrzymuje\/#primaryimage","url":"https:\/\/arctom.pl\/wp-content\/uploads\/2025\/04\/Arctom-blog-1.png","contentUrl":"https:\/\/arctom.pl\/wp-content\/uploads\/2025\/04\/Arctom-blog-1.png","width":2560,"height":1440,"caption":"Daszek nad drzwi a promieniowanie UV - Arctom"},{"@type":"BreadcrumbList","@id":"https:\/\/arctom.pl\/fr\/blog\/daszek-jako-oslona-przed-uv-ile-promieniowania-naprawde-zatrzymuje\/#breadcrumb","itemListElement":[{"@type":"ListItem","position":1,"name":"Arctom","item":"https:\/\/arctom.pl\/fr\/"},{"@type":"ListItem","position":2,"name":"Blog","item":"https:\/\/arctom.pl\/kat\/blog\/"},{"@type":"ListItem","position":3,"name":"Daszek jako os\u0142ona przed UV \u2013 ile promieniowania naprawd\u0119 zatrzymuje?"}]},{"@type":"WebSite","@id":"https:\/\/arctom.pl\/fr\/#website","url":"https:\/\/arctom.pl\/fr\/","name":"Arctom","description":"","publisher":{"@id":"https:\/\/arctom.pl\/fr\/#organization"},"potentialAction":[{"@type":"SearchAction","target":{"@type":"EntryPoint","urlTemplate":"https:\/\/arctom.pl\/fr\/?s={search_term_string}"},"query-input":{"@type":"PropertyValueSpecification","valueRequired":true,"valueName":"search_term_string"}}],"inLanguage":"fr-FR"},{"@type":"Organization","@id":"https:\/\/arctom.pl\/fr\/#organization","name":"Arctom","url":"https:\/\/arctom.pl\/fr\/","logo":{"@type":"ImageObject","inLanguage":"fr-FR","@id":"https:\/\/arctom.pl\/fr\/#\/schema\/logo\/image\/","url":"https:\/\/arctom.pl\/wp-content\/uploads\/2023\/11\/arctom-logo.png","contentUrl":"https:\/\/arctom.pl\/wp-content\/uploads\/2023\/11\/arctom-logo.png","width":171,"height":62,"caption":"Arctom"},"image":{"@id":"https:\/\/arctom.pl\/fr\/#\/schema\/logo\/image\/"}},{"@type":"Person","@id":"https:\/\/arctom.pl\/fr\/#\/schema\/person\/10b22f52aa9be6187e3ec66822323ca9","name":"Wiktor Szyszkowski","image":{"@type":"ImageObject","inLanguage":"fr-FR","@id":"https:\/\/secure.gravatar.com\/avatar\/dc98aa6781800b145cdce0923d15819dcfe9e8a334702f4a304281b977105aca?s=96&d=mm&r=g","url":"https:\/\/secure.gravatar.com\/avatar\/dc98aa6781800b145cdce0923d15819dcfe9e8a334702f4a304281b977105aca?s=96&d=mm&r=g","contentUrl":"https:\/\/secure.gravatar.com\/avatar\/dc98aa6781800b145cdce0923d15819dcfe9e8a334702f4a304281b977105aca?s=96&d=mm&r=g","caption":"Wiktor Szyszkowski"}}]}},"_links":{"self":[{"href":"https:\/\/arctom.pl\/fr\/wp-json\/wp\/v2\/posts\/11423","targetHints":{"allow":["GET"]}}],"collection":[{"href":"https:\/\/arctom.pl\/fr\/wp-json\/wp\/v2\/posts"}],"about":[{"href":"https:\/\/arctom.pl\/fr\/wp-json\/wp\/v2\/types\/post"}],"author":[{"embeddable":true,"href":"https:\/\/arctom.pl\/fr\/wp-json\/wp\/v2\/users\/4858"}],"replies":[{"embeddable":true,"href":"https:\/\/arctom.pl\/fr\/wp-json\/wp\/v2\/comments?post=11423"}],"version-history":[{"count":1,"href":"https:\/\/arctom.pl\/fr\/wp-json\/wp\/v2\/posts\/11423\/revisions"}],"predecessor-version":[{"id":11426,"href":"https:\/\/arctom.pl\/fr\/wp-json\/wp\/v2\/posts\/11423\/revisions\/11426"}],"wp:featuredmedia":[{"embeddable":true,"href":"https:\/\/arctom.pl\/fr\/wp-json\/wp\/v2\/media\/11424"}],"wp:attachment":[{"href":"https:\/\/arctom.pl\/fr\/wp-json\/wp\/v2\/media?parent=11423"}],"wp:term":[{"taxonomy":"category","embeddable":true,"href":"https:\/\/arctom.pl\/fr\/wp-json\/wp\/v2\/categories?post=11423"},{"taxonomy":"post_tag","embeddable":true,"href":"https:\/\/arctom.pl\/fr\/wp-json\/wp\/v2\/tags?post=11423"}],"curies":[{"name":"wp","href":"https:\/\/api.w.org\/{rel}","templated":true}]}}