{"id":11362,"date":"2025-03-14T12:26:00","date_gmt":"2025-03-14T11:26:00","guid":{"rendered":"https:\/\/arctom.pl\/?p=11362"},"modified":"2025-03-06T09:59:33","modified_gmt":"2025-03-06T08:59:33","slug":"czy-poliweglan-z-czasem-zolknie-fakty-i-mity-o-jego-trwalosci","status":"publish","type":"post","link":"https:\/\/arctom.pl\/fr\/blog\/czy-poliweglan-z-czasem-zolknie-fakty-i-mity-o-jego-trwalosci\/","title":{"rendered":"Czy poliw\u0119glan z czasem \u017c\u00f3\u0142knie? Fakty i mity o jego trwa\u0142o\u015bci"},"content":{"rendered":"<p><span style=\"font-weight: 400;\">Poliw\u0119glan to materia\u0142, kt\u00f3ry od lat cieszy si\u0119 du\u017c\u0105 popularno\u015bci\u0105 w budownictwie i architekturze. Jest lekki, wytrzyma\u0142y i odporny na uszkodzenia mechaniczne, co sprawia, \u017ce ch\u0119tnie stosuje si\u0119 go do produkcji daszk\u00f3w nad drzwi, szklarni czy paneli dachowych. Jednak wok\u00f3\u0142 jego trwa\u0142o\u015bci naros\u0142o wiele mit\u00f3w, a jednym z najbardziej znanych jest twierdzenie, \u017ce poliw\u0119glan z czasem \u017c\u00f3\u0142knie. Ale czy to prawda?<\/span><\/p>\n<h3><b>Czy poliw\u0119glan faktycznie zmienia kolor?<\/b><\/h3>\n<p><span style=\"font-weight: 400;\">Jednym z g\u0142\u00f3wnych mit\u00f3w dotycz\u0105cych poliw\u0119glanu jest to, \u017ce pod wp\u0142ywem czasu i ekspozycji na s\u0142o\u0144ce materia\u0142 ten zaczyna \u017c\u00f3\u0142knie\u0107. Prawd\u0105 jest, \u017ce starsze typy poliw\u0119glanu mog\u0142y ulega\u0107 takiej degradacji, jednak dzi\u0119ki nowoczesnym technologiom problem ten zosta\u0142 w du\u017cym stopniu wyeliminowany.<\/span><span style=\"font-weight: 400;\"><br \/>\n<\/span><span style=\"font-weight: 400;\"><br \/>\n<\/span><span style=\"font-weight: 400;\">Wsp\u00f3\u0142czesne p\u0142yty poliw\u0119glanowe s\u0105 pokrywane specjalnymi warstwami ochronnymi, kt\u00f3re zabezpieczaj\u0105 je przed promieniowaniem UV. To w\u0142a\u015bnie promieniowanie ultrafioletowe jest g\u0142\u00f3wn\u0105 przyczyn\u0105 zmiany barwy materia\u0142u. <\/span><b>Dlatego stosowanie filtr\u00f3w UV znaczenie wyd\u0142u\u017ca jego trwa\u0142o\u015b\u0107 i utrzymuje estetyczny wygl\u0105d przez lata.<\/b><\/p>\n<h3><b>Jakie czynniki mog\u0105 wp\u0142ywa\u0107 na zmian\u0119 koloru?<\/b><\/h3>\n<p><span style=\"font-weight: 400;\">Cho\u0107 nowoczesne poliw\u0119glany s\u0105 odporne na \u017c\u00f3\u0142kni\u0119cie, wci\u0105\u017c istnieje kilka czynnik\u00f3w, kt\u00f3re mog\u0105 wp\u0142yn\u0105\u0107 na ich wygl\u0105d:<\/span><\/p>\n<ul>\n<li style=\"font-weight: 400;\" aria-level=\"1\"><span style=\"font-weight: 400;\">intensywne i d\u0142ugotrwa\u0142e nas\u0142onecznienie \u2013 bez odpowiedniej ochrony UV materia\u0142 mo\u017ce ulega\u0107 stopniowej degradacji,<\/span><\/li>\n<li style=\"font-weight: 400;\" aria-level=\"1\"><span style=\"font-weight: 400;\">zanieczyszczenia atmosferyczne \u2013 smog, kurz i inne zanieczyszczenia mog\u0105 osadza\u0107 si\u0119 na powierzchni, powoduj\u0105c zmiany w odcieniu,<\/span><\/li>\n<li style=\"font-weight: 400;\" aria-level=\"1\"><span style=\"font-weight: 400;\">nieprawid\u0142owa konserwacja \u2013 stosowanie agresywnych \u015brodk\u00f3w czyszcz\u0105cych mo\u017ce wp\u0142ywa\u0107 na struktur\u0119 powierzchni i jej kolor.<\/span><\/li>\n<\/ul>\n<h4><b>Jak dba\u0107 o poliw\u0119glan, by zachowa\u0142 sw\u00f3j wygl\u0105d?<\/b><\/h4>\n<p><span style=\"font-weight: 400;\">Aby poliw\u0119glan przez d\u0142ugie lata pozosta\u0142 przejrzysty i odporny na przebarwienia, warto stosowa\u0107 kilka prostych zasad konserwacji:<\/span><\/p>\n<ul>\n<li style=\"font-weight: 400;\" aria-level=\"1\"><span style=\"font-weight: 400;\">regularne czyszczenie \u2013 najlepiej u\u017cywa\u0107 \u0142agodnych detergent\u00f3w i czystej wody, by usun\u0105\u0107 osadzaj\u0105cy si\u0119 kurz i brud.<\/span><\/li>\n<li style=\"font-weight: 400;\" aria-level=\"1\"><span style=\"font-weight: 400;\">unikanie agresywnych \u015brodk\u00f3w chemicznych \u2013 preparaty zawieraj\u0105ce rozpuszczalniki mog\u0105 uszkodzi\u0107 ochronn\u0105 warstw\u0119 UV.<\/span><\/li>\n<li style=\"font-weight: 400;\" aria-level=\"1\"><span style=\"font-weight: 400;\">zastosowanie daszk\u00f3w z filtrem UV \u2013 produkty dost\u0119pne w ofercie Arctom posiadaj\u0105 zabezpieczenia przeciwko promieniowaniu, co wyd\u0142u\u017ca ich trwa\u0142o\u015b\u0107.<\/span><\/li>\n<\/ul>\n<h4><b>Fakty na temat trwa\u0142o\u015bci poliw\u0119glanu<\/b><\/h4>\n<p><span style=\"font-weight: 400;\">Wsp\u00f3\u0142czesne technologie produkcji poliw\u0119glanu sprawiaj\u0105, \u017ce jest on odporny na zmienne warunki atmosferyczne i przez wiele lat zachowuje swoje w\u0142a\u015bciwo\u015bci.<\/span><span style=\"font-weight: 400;\"><br \/>\n<\/span><b>W przeciwie\u0144stwie do szk\u0142a czy innych tworzyw sztucznych, poliw\u0119glan ma wyj\u0105tkowo dobr\u0105 odporno\u015b\u0107 na uderzenia i odkszta\u0142cenia, co czyni go idealnym materia\u0142em na daszki czy przeszklenia.<\/b><b><br \/>\n<\/b><span style=\"font-weight: 400;\"><br \/>\n<\/span><span style=\"font-weight: 400;\">Nie bez powodu daszki z poliw\u0119glanu s\u0105 stosowane nie tylko w domach prywatnych, ale r\u00f3wnie\u017c w budynkach publicznych, gdzie niezawodno\u015b\u0107 i trwa\u0142o\u015b\u0107 s\u0105 na wag\u0119 z\u0142ota.<\/span><span style=\"font-weight: 400;\"><br \/>\n<\/span><span style=\"font-weight: 400;\"><br \/>\n<\/span><span style=\"font-weight: 400;\">Mit o \u017c\u00f3\u0142kni\u0119ciu poliw\u0119glanu wynika g\u0142\u00f3wnie z przestarza\u0142ych opinii i stosowania dawnych technologii produkcji.<\/span><b> Nowoczesne wersje tego materia\u0142u, szczeg\u00f3lnie te z ochron\u0105 UV, s\u0105 odporne na zmiany koloru i zachowuj\u0105 swoj\u0105 przejrzysto\u015b\u0107 przez wiele lat.<\/b><b><br \/>\n<\/b><span style=\"font-weight: 400;\"><br \/>\n<\/span><span style=\"font-weight: 400;\">Je\u015bli szukasz wysokiej jako\u015bci daszka z poliw\u0119glanu, kt\u00f3ry b\u0119dzie trwa\u0142y i odporny na zmienne warunki atmosferyczne, sprawd\u017a <\/span><a href=\"https:\/\/arctom.pl\/produkty\/\"><span style=\"font-weight: 400;\">nasz\u0105 ofert\u0119<\/span><\/a><span style=\"font-weight: 400;\">. Produkty takie jak <\/span><a href=\"https:\/\/arctom.pl\/p\/daszek-arcus-70-antracyt-ral-7016-poliweglan-komorowy-antracytowy-70-cm\/\"><span style=\"font-weight: 400;\">Arcus <\/span><\/a><span style=\"font-weight: 400;\">to doskona\u0142e rozwi\u0105zania, kt\u00f3re \u0142\u0105cz\u0105 estetyk\u0119 z funkcjonalno\u015bci\u0105.<\/span><\/p>\n","protected":false},"excerpt":{"rendered":"<p>Poliw\u0119glan to materia\u0142, kt\u00f3ry od lat cieszy si\u0119 du\u017c\u0105 popularno\u015bci\u0105 w budownictwie i architekturze. Jest lekki, wytrzyma\u0142y i odporny na<\/p>\n","protected":false},"author":4858,"featured_media":11366,"comment_status":"open","ping_status":"open","sticky":false,"template":"","format":"standard","meta":{"footnotes":""},"categories":[252],"tags":[290,287],"class_list":["post-11362","post","type-post","status-publish","format-standard","has-post-thumbnail","hentry","category-blog","tag-poliweglan","tag-poliweglan-komorowy"],"yoast_head":"<!-- This site is optimized with the Yoast SEO plugin v27.4 - https:\/\/yoast.com\/product\/yoast-seo-wordpress\/ -->\n<title>Czy poliw\u0119glan z czasem \u017c\u00f3\u0142knie? Fakty i mity o jego trwa\u0142o\u015bci - Arctom<\/title>\n<meta name=\"description\" content=\"Poliw\u0119glan to jedno z najpopularniejszych materia\u0142\u00f3w do zadasze\u0144. Ale razem z tym, wyros\u0142o na jego temat wiele mit\u00f3w.\" \/>\n<meta name=\"robots\" content=\"index, follow, max-snippet:-1, max-image-preview:large, max-video-preview:-1\" \/>\n<link rel=\"canonical\" href=\"https:\/\/arctom.pl\/fr\/blog\/czy-poliweglan-z-czasem-zolknie-fakty-i-mity-o-jego-trwalosci\/\" \/>\n<meta property=\"og:locale\" content=\"fr_FR\" \/>\n<meta property=\"og:type\" content=\"article\" \/>\n<meta property=\"og:title\" content=\"Czy poliw\u0119glan z czasem \u017c\u00f3\u0142knie? Fakty i mity o jego trwa\u0142o\u015bci - Arctom\" \/>\n<meta property=\"og:description\" content=\"Poliw\u0119glan to jedno z najpopularniejszych materia\u0142\u00f3w do zadasze\u0144. Ale razem z tym, wyros\u0142o na jego temat wiele mit\u00f3w.\" \/>\n<meta property=\"og:url\" content=\"https:\/\/arctom.pl\/fr\/blog\/czy-poliweglan-z-czasem-zolknie-fakty-i-mity-o-jego-trwalosci\/\" \/>\n<meta property=\"og:site_name\" content=\"Arctom\" \/>\n<meta property=\"article:published_time\" content=\"2025-03-14T11:26:00+00:00\" \/>\n<meta property=\"og:image\" content=\"https:\/\/arctom.pl\/wp-content\/uploads\/2025\/03\/Arctom-blog.png\" \/>\n\t<meta property=\"og:image:width\" content=\"2560\" \/>\n\t<meta property=\"og:image:height\" content=\"1440\" \/>\n\t<meta property=\"og:image:type\" content=\"image\/png\" \/>\n<meta name=\"author\" content=\"Wiktor Szyszkowski\" \/>\n<meta name=\"twitter:card\" content=\"summary_large_image\" \/>\n<meta name=\"twitter:label1\" content=\"\u00c9crit par\" \/>\n\t<meta name=\"twitter:data1\" content=\"Wiktor Szyszkowski\" \/>\n\t<meta name=\"twitter:label2\" content=\"Dur\u00e9e de lecture estim\u00e9e\" \/>\n\t<meta name=\"twitter:data2\" content=\"3 minutes\" \/>\n<script type=\"application\/ld+json\" class=\"yoast-schema-graph\">{\"@context\":\"https:\\\/\\\/schema.org\",\"@graph\":[{\"@type\":\"Article\",\"@id\":\"https:\\\/\\\/arctom.pl\\\/fr\\\/blog\\\/czy-poliweglan-z-czasem-zolknie-fakty-i-mity-o-jego-trwalosci\\\/#article\",\"isPartOf\":{\"@id\":\"https:\\\/\\\/arctom.pl\\\/fr\\\/blog\\\/czy-poliweglan-z-czasem-zolknie-fakty-i-mity-o-jego-trwalosci\\\/\"},\"author\":{\"name\":\"Wiktor Szyszkowski\",\"@id\":\"https:\\\/\\\/arctom.pl\\\/fr\\\/#\\\/schema\\\/person\\\/10b22f52aa9be6187e3ec66822323ca9\"},\"headline\":\"Czy poliw\u0119glan z czasem \u017c\u00f3\u0142knie? Fakty i mity o jego trwa\u0142o\u015bci\",\"datePublished\":\"2025-03-14T11:26:00+00:00\",\"mainEntityOfPage\":{\"@id\":\"https:\\\/\\\/arctom.pl\\\/fr\\\/blog\\\/czy-poliweglan-z-czasem-zolknie-fakty-i-mity-o-jego-trwalosci\\\/\"},\"wordCount\":542,\"commentCount\":0,\"publisher\":{\"@id\":\"https:\\\/\\\/arctom.pl\\\/fr\\\/#organization\"},\"image\":{\"@id\":\"https:\\\/\\\/arctom.pl\\\/fr\\\/blog\\\/czy-poliweglan-z-czasem-zolknie-fakty-i-mity-o-jego-trwalosci\\\/#primaryimage\"},\"thumbnailUrl\":\"https:\\\/\\\/arctom.pl\\\/wp-content\\\/uploads\\\/2025\\\/03\\\/Arctom-blog.png\",\"keywords\":[\"poliw\u0119glan\",\"Poliw\u0119glan komorowy\"],\"articleSection\":[\"Blog\"],\"inLanguage\":\"fr-FR\",\"potentialAction\":[{\"@type\":\"CommentAction\",\"name\":\"Comment\",\"target\":[\"https:\\\/\\\/arctom.pl\\\/fr\\\/blog\\\/czy-poliweglan-z-czasem-zolknie-fakty-i-mity-o-jego-trwalosci\\\/#respond\"]}]},{\"@type\":\"WebPage\",\"@id\":\"https:\\\/\\\/arctom.pl\\\/fr\\\/blog\\\/czy-poliweglan-z-czasem-zolknie-fakty-i-mity-o-jego-trwalosci\\\/\",\"url\":\"https:\\\/\\\/arctom.pl\\\/fr\\\/blog\\\/czy-poliweglan-z-czasem-zolknie-fakty-i-mity-o-jego-trwalosci\\\/\",\"name\":\"Czy poliw\u0119glan z czasem \u017c\u00f3\u0142knie? Fakty i mity o jego trwa\u0142o\u015bci - Arctom\",\"isPartOf\":{\"@id\":\"https:\\\/\\\/arctom.pl\\\/fr\\\/#website\"},\"primaryImageOfPage\":{\"@id\":\"https:\\\/\\\/arctom.pl\\\/fr\\\/blog\\\/czy-poliweglan-z-czasem-zolknie-fakty-i-mity-o-jego-trwalosci\\\/#primaryimage\"},\"image\":{\"@id\":\"https:\\\/\\\/arctom.pl\\\/fr\\\/blog\\\/czy-poliweglan-z-czasem-zolknie-fakty-i-mity-o-jego-trwalosci\\\/#primaryimage\"},\"thumbnailUrl\":\"https:\\\/\\\/arctom.pl\\\/wp-content\\\/uploads\\\/2025\\\/03\\\/Arctom-blog.png\",\"datePublished\":\"2025-03-14T11:26:00+00:00\",\"description\":\"Poliw\u0119glan to jedno z najpopularniejszych materia\u0142\u00f3w do zadasze\u0144. Ale razem z tym, wyros\u0142o na jego temat wiele mit\u00f3w.\",\"breadcrumb\":{\"@id\":\"https:\\\/\\\/arctom.pl\\\/fr\\\/blog\\\/czy-poliweglan-z-czasem-zolknie-fakty-i-mity-o-jego-trwalosci\\\/#breadcrumb\"},\"inLanguage\":\"fr-FR\",\"potentialAction\":[{\"@type\":\"ReadAction\",\"target\":[\"https:\\\/\\\/arctom.pl\\\/fr\\\/blog\\\/czy-poliweglan-z-czasem-zolknie-fakty-i-mity-o-jego-trwalosci\\\/\"]}]},{\"@type\":\"ImageObject\",\"inLanguage\":\"fr-FR\",\"@id\":\"https:\\\/\\\/arctom.pl\\\/fr\\\/blog\\\/czy-poliweglan-z-czasem-zolknie-fakty-i-mity-o-jego-trwalosci\\\/#primaryimage\",\"url\":\"https:\\\/\\\/arctom.pl\\\/wp-content\\\/uploads\\\/2025\\\/03\\\/Arctom-blog.png\",\"contentUrl\":\"https:\\\/\\\/arctom.pl\\\/wp-content\\\/uploads\\\/2025\\\/03\\\/Arctom-blog.png\",\"width\":2560,\"height\":1440,\"caption\":\"Czy poliw\u0119glan z czasem \u017c\u00f3\u0142knie \u2013 Mollyflex\"},{\"@type\":\"BreadcrumbList\",\"@id\":\"https:\\\/\\\/arctom.pl\\\/fr\\\/blog\\\/czy-poliweglan-z-czasem-zolknie-fakty-i-mity-o-jego-trwalosci\\\/#breadcrumb\",\"itemListElement\":[{\"@type\":\"ListItem\",\"position\":1,\"name\":\"Arctom\",\"item\":\"https:\\\/\\\/arctom.pl\\\/fr\\\/\"},{\"@type\":\"ListItem\",\"position\":2,\"name\":\"Blog\",\"item\":\"https:\\\/\\\/arctom.pl\\\/kat\\\/blog\\\/\"},{\"@type\":\"ListItem\",\"position\":3,\"name\":\"Czy poliw\u0119glan z czasem \u017c\u00f3\u0142knie? Fakty i mity o jego trwa\u0142o\u015bci\"}]},{\"@type\":\"WebSite\",\"@id\":\"https:\\\/\\\/arctom.pl\\\/fr\\\/#website\",\"url\":\"https:\\\/\\\/arctom.pl\\\/fr\\\/\",\"name\":\"Arctom\",\"description\":\"\",\"publisher\":{\"@id\":\"https:\\\/\\\/arctom.pl\\\/fr\\\/#organization\"},\"potentialAction\":[{\"@type\":\"SearchAction\",\"target\":{\"@type\":\"EntryPoint\",\"urlTemplate\":\"https:\\\/\\\/arctom.pl\\\/fr\\\/?s={search_term_string}\"},\"query-input\":{\"@type\":\"PropertyValueSpecification\",\"valueRequired\":true,\"valueName\":\"search_term_string\"}}],\"inLanguage\":\"fr-FR\"},{\"@type\":\"Organization\",\"@id\":\"https:\\\/\\\/arctom.pl\\\/fr\\\/#organization\",\"name\":\"Arctom\",\"url\":\"https:\\\/\\\/arctom.pl\\\/fr\\\/\",\"logo\":{\"@type\":\"ImageObject\",\"inLanguage\":\"fr-FR\",\"@id\":\"https:\\\/\\\/arctom.pl\\\/fr\\\/#\\\/schema\\\/logo\\\/image\\\/\",\"url\":\"https:\\\/\\\/arctom.pl\\\/wp-content\\\/uploads\\\/2023\\\/11\\\/arctom-logo.png\",\"contentUrl\":\"https:\\\/\\\/arctom.pl\\\/wp-content\\\/uploads\\\/2023\\\/11\\\/arctom-logo.png\",\"width\":171,\"height\":62,\"caption\":\"Arctom\"},\"image\":{\"@id\":\"https:\\\/\\\/arctom.pl\\\/fr\\\/#\\\/schema\\\/logo\\\/image\\\/\"}},{\"@type\":\"Person\",\"@id\":\"https:\\\/\\\/arctom.pl\\\/fr\\\/#\\\/schema\\\/person\\\/10b22f52aa9be6187e3ec66822323ca9\",\"name\":\"Wiktor Szyszkowski\",\"image\":{\"@type\":\"ImageObject\",\"inLanguage\":\"fr-FR\",\"@id\":\"https:\\\/\\\/secure.gravatar.com\\\/avatar\\\/dc98aa6781800b145cdce0923d15819dcfe9e8a334702f4a304281b977105aca?s=96&d=mm&r=g\",\"url\":\"https:\\\/\\\/secure.gravatar.com\\\/avatar\\\/dc98aa6781800b145cdce0923d15819dcfe9e8a334702f4a304281b977105aca?s=96&d=mm&r=g\",\"contentUrl\":\"https:\\\/\\\/secure.gravatar.com\\\/avatar\\\/dc98aa6781800b145cdce0923d15819dcfe9e8a334702f4a304281b977105aca?s=96&d=mm&r=g\",\"caption\":\"Wiktor Szyszkowski\"}}]}<\/script>\n<!-- \/ Yoast SEO plugin. -->","yoast_head_json":{"title":"Czy poliw\u0119glan z czasem \u017c\u00f3\u0142knie? Fakty i mity o jego trwa\u0142o\u015bci - Arctom","description":"Poliw\u0119glan to jedno z najpopularniejszych materia\u0142\u00f3w do zadasze\u0144. Ale razem z tym, wyros\u0142o na jego temat wiele mit\u00f3w.","robots":{"index":"index","follow":"follow","max-snippet":"max-snippet:-1","max-image-preview":"max-image-preview:large","max-video-preview":"max-video-preview:-1"},"canonical":"https:\/\/arctom.pl\/fr\/blog\/czy-poliweglan-z-czasem-zolknie-fakty-i-mity-o-jego-trwalosci\/","og_locale":"fr_FR","og_type":"article","og_title":"Czy poliw\u0119glan z czasem \u017c\u00f3\u0142knie? Fakty i mity o jego trwa\u0142o\u015bci - Arctom","og_description":"Poliw\u0119glan to jedno z najpopularniejszych materia\u0142\u00f3w do zadasze\u0144. Ale razem z tym, wyros\u0142o na jego temat wiele mit\u00f3w.","og_url":"https:\/\/arctom.pl\/fr\/blog\/czy-poliweglan-z-czasem-zolknie-fakty-i-mity-o-jego-trwalosci\/","og_site_name":"Arctom","article_published_time":"2025-03-14T11:26:00+00:00","og_image":[{"width":2560,"height":1440,"url":"https:\/\/arctom.pl\/wp-content\/uploads\/2025\/03\/Arctom-blog.png","type":"image\/png"}],"author":"Wiktor Szyszkowski","twitter_card":"summary_large_image","twitter_misc":{"\u00c9crit par":"Wiktor Szyszkowski","Dur\u00e9e de lecture estim\u00e9e":"3 minutes"},"schema":{"@context":"https:\/\/schema.org","@graph":[{"@type":"Article","@id":"https:\/\/arctom.pl\/fr\/blog\/czy-poliweglan-z-czasem-zolknie-fakty-i-mity-o-jego-trwalosci\/#article","isPartOf":{"@id":"https:\/\/arctom.pl\/fr\/blog\/czy-poliweglan-z-czasem-zolknie-fakty-i-mity-o-jego-trwalosci\/"},"author":{"name":"Wiktor Szyszkowski","@id":"https:\/\/arctom.pl\/fr\/#\/schema\/person\/10b22f52aa9be6187e3ec66822323ca9"},"headline":"Czy poliw\u0119glan z czasem \u017c\u00f3\u0142knie? Fakty i mity o jego trwa\u0142o\u015bci","datePublished":"2025-03-14T11:26:00+00:00","mainEntityOfPage":{"@id":"https:\/\/arctom.pl\/fr\/blog\/czy-poliweglan-z-czasem-zolknie-fakty-i-mity-o-jego-trwalosci\/"},"wordCount":542,"commentCount":0,"publisher":{"@id":"https:\/\/arctom.pl\/fr\/#organization"},"image":{"@id":"https:\/\/arctom.pl\/fr\/blog\/czy-poliweglan-z-czasem-zolknie-fakty-i-mity-o-jego-trwalosci\/#primaryimage"},"thumbnailUrl":"https:\/\/arctom.pl\/wp-content\/uploads\/2025\/03\/Arctom-blog.png","keywords":["poliw\u0119glan","Poliw\u0119glan komorowy"],"articleSection":["Blog"],"inLanguage":"fr-FR","potentialAction":[{"@type":"CommentAction","name":"Comment","target":["https:\/\/arctom.pl\/fr\/blog\/czy-poliweglan-z-czasem-zolknie-fakty-i-mity-o-jego-trwalosci\/#respond"]}]},{"@type":"WebPage","@id":"https:\/\/arctom.pl\/fr\/blog\/czy-poliweglan-z-czasem-zolknie-fakty-i-mity-o-jego-trwalosci\/","url":"https:\/\/arctom.pl\/fr\/blog\/czy-poliweglan-z-czasem-zolknie-fakty-i-mity-o-jego-trwalosci\/","name":"Czy poliw\u0119glan z czasem \u017c\u00f3\u0142knie? Fakty i mity o jego trwa\u0142o\u015bci - Arctom","isPartOf":{"@id":"https:\/\/arctom.pl\/fr\/#website"},"primaryImageOfPage":{"@id":"https:\/\/arctom.pl\/fr\/blog\/czy-poliweglan-z-czasem-zolknie-fakty-i-mity-o-jego-trwalosci\/#primaryimage"},"image":{"@id":"https:\/\/arctom.pl\/fr\/blog\/czy-poliweglan-z-czasem-zolknie-fakty-i-mity-o-jego-trwalosci\/#primaryimage"},"thumbnailUrl":"https:\/\/arctom.pl\/wp-content\/uploads\/2025\/03\/Arctom-blog.png","datePublished":"2025-03-14T11:26:00+00:00","description":"Poliw\u0119glan to jedno z najpopularniejszych materia\u0142\u00f3w do zadasze\u0144. Ale razem z tym, wyros\u0142o na jego temat wiele mit\u00f3w.","breadcrumb":{"@id":"https:\/\/arctom.pl\/fr\/blog\/czy-poliweglan-z-czasem-zolknie-fakty-i-mity-o-jego-trwalosci\/#breadcrumb"},"inLanguage":"fr-FR","potentialAction":[{"@type":"ReadAction","target":["https:\/\/arctom.pl\/fr\/blog\/czy-poliweglan-z-czasem-zolknie-fakty-i-mity-o-jego-trwalosci\/"]}]},{"@type":"ImageObject","inLanguage":"fr-FR","@id":"https:\/\/arctom.pl\/fr\/blog\/czy-poliweglan-z-czasem-zolknie-fakty-i-mity-o-jego-trwalosci\/#primaryimage","url":"https:\/\/arctom.pl\/wp-content\/uploads\/2025\/03\/Arctom-blog.png","contentUrl":"https:\/\/arctom.pl\/wp-content\/uploads\/2025\/03\/Arctom-blog.png","width":2560,"height":1440,"caption":"Czy poliw\u0119glan z czasem \u017c\u00f3\u0142knie \u2013 Mollyflex"},{"@type":"BreadcrumbList","@id":"https:\/\/arctom.pl\/fr\/blog\/czy-poliweglan-z-czasem-zolknie-fakty-i-mity-o-jego-trwalosci\/#breadcrumb","itemListElement":[{"@type":"ListItem","position":1,"name":"Arctom","item":"https:\/\/arctom.pl\/fr\/"},{"@type":"ListItem","position":2,"name":"Blog","item":"https:\/\/arctom.pl\/kat\/blog\/"},{"@type":"ListItem","position":3,"name":"Czy poliw\u0119glan z czasem \u017c\u00f3\u0142knie? Fakty i mity o jego trwa\u0142o\u015bci"}]},{"@type":"WebSite","@id":"https:\/\/arctom.pl\/fr\/#website","url":"https:\/\/arctom.pl\/fr\/","name":"Arctom","description":"","publisher":{"@id":"https:\/\/arctom.pl\/fr\/#organization"},"potentialAction":[{"@type":"SearchAction","target":{"@type":"EntryPoint","urlTemplate":"https:\/\/arctom.pl\/fr\/?s={search_term_string}"},"query-input":{"@type":"PropertyValueSpecification","valueRequired":true,"valueName":"search_term_string"}}],"inLanguage":"fr-FR"},{"@type":"Organization","@id":"https:\/\/arctom.pl\/fr\/#organization","name":"Arctom","url":"https:\/\/arctom.pl\/fr\/","logo":{"@type":"ImageObject","inLanguage":"fr-FR","@id":"https:\/\/arctom.pl\/fr\/#\/schema\/logo\/image\/","url":"https:\/\/arctom.pl\/wp-content\/uploads\/2023\/11\/arctom-logo.png","contentUrl":"https:\/\/arctom.pl\/wp-content\/uploads\/2023\/11\/arctom-logo.png","width":171,"height":62,"caption":"Arctom"},"image":{"@id":"https:\/\/arctom.pl\/fr\/#\/schema\/logo\/image\/"}},{"@type":"Person","@id":"https:\/\/arctom.pl\/fr\/#\/schema\/person\/10b22f52aa9be6187e3ec66822323ca9","name":"Wiktor Szyszkowski","image":{"@type":"ImageObject","inLanguage":"fr-FR","@id":"https:\/\/secure.gravatar.com\/avatar\/dc98aa6781800b145cdce0923d15819dcfe9e8a334702f4a304281b977105aca?s=96&d=mm&r=g","url":"https:\/\/secure.gravatar.com\/avatar\/dc98aa6781800b145cdce0923d15819dcfe9e8a334702f4a304281b977105aca?s=96&d=mm&r=g","contentUrl":"https:\/\/secure.gravatar.com\/avatar\/dc98aa6781800b145cdce0923d15819dcfe9e8a334702f4a304281b977105aca?s=96&d=mm&r=g","caption":"Wiktor Szyszkowski"}}]}},"_links":{"self":[{"href":"https:\/\/arctom.pl\/fr\/wp-json\/wp\/v2\/posts\/11362","targetHints":{"allow":["GET"]}}],"collection":[{"href":"https:\/\/arctom.pl\/fr\/wp-json\/wp\/v2\/posts"}],"about":[{"href":"https:\/\/arctom.pl\/fr\/wp-json\/wp\/v2\/types\/post"}],"author":[{"embeddable":true,"href":"https:\/\/arctom.pl\/fr\/wp-json\/wp\/v2\/users\/4858"}],"replies":[{"embeddable":true,"href":"https:\/\/arctom.pl\/fr\/wp-json\/wp\/v2\/comments?post=11362"}],"version-history":[{"count":2,"href":"https:\/\/arctom.pl\/fr\/wp-json\/wp\/v2\/posts\/11362\/revisions"}],"predecessor-version":[{"id":11368,"href":"https:\/\/arctom.pl\/fr\/wp-json\/wp\/v2\/posts\/11362\/revisions\/11368"}],"wp:featuredmedia":[{"embeddable":true,"href":"https:\/\/arctom.pl\/fr\/wp-json\/wp\/v2\/media\/11366"}],"wp:attachment":[{"href":"https:\/\/arctom.pl\/fr\/wp-json\/wp\/v2\/media?parent=11362"}],"wp:term":[{"taxonomy":"category","embeddable":true,"href":"https:\/\/arctom.pl\/fr\/wp-json\/wp\/v2\/categories?post=11362"},{"taxonomy":"post_tag","embeddable":true,"href":"https:\/\/arctom.pl\/fr\/wp-json\/wp\/v2\/tags?post=11362"}],"curies":[{"name":"wp","href":"https:\/\/api.w.org\/{rel}","templated":true}]}}