{"id":11131,"date":"2024-10-14T11:50:40","date_gmt":"2024-10-14T09:50:40","guid":{"rendered":"https:\/\/arctom.pl\/?p=11131"},"modified":"2024-10-14T11:50:40","modified_gmt":"2024-10-14T09:50:40","slug":"poliweglan-mleczny-dymiony-czy-przezroczysty-jaki-kolor-daszku-wybrac-na-taras","status":"publish","type":"post","link":"https:\/\/arctom.pl\/fr\/blog\/poliweglan-mleczny-dymiony-czy-przezroczysty-jaki-kolor-daszku-wybrac-na-taras\/","title":{"rendered":"Poliw\u0119glan mleczny, dymiony czy przezroczysty? Jaki kolor daszku wybra\u0107 na taras?"},"content":{"rendered":"<p>Zastanawiasz si\u0119 nad zakupem daszku nad taras? To \u015bwietny pomys\u0142! Po zamontowaniu b\u0119dziesz m\u00f3g\u0142 cieszy\u0107 si\u0119 wymarzonym relaksem na \u015bwie\u017cym powietrzu. Latem bez problemu zorganizujesz grillowanie w cieniu, a jesieni\u0105 deszcz nie b\u0119dzie ju\u017c dla Ciebie przeszkod\u0105. <strong>Zanim jednak podejmiesz decyzj\u0119, na jaki model si\u0119 zdecydowa\u0107, warto pozna\u0107 r\u00f3\u017cnice mi\u0119dzy dost\u0119pnymi opcjami.<\/strong> Na rynku znajdziesz daszki mleczne, dymione oraz przezroczyste. Kt\u00f3ry z nich najlepiej ochroni Tw\u00f3j taras?<\/p>\n<h3><strong>Jakie kolory poliw\u0119glanu s\u0105 najpopularniejsze?<\/strong><\/h3>\n<p>Coraz cz\u0119\u015bciej przy zadaszeniu tarasu mo\u017cemy natkn\u0105\u0107 si\u0119 na poliw\u0119glan. Ale tak w\u0142a\u015bciwie to dlaczego? G\u0142\u00f3wn\u0105 rol\u0119 odgrywa tutaj jego odporno\u015b\u0107 na ci\u0119\u017ckie warunki. <strong>Zmienna pogoda, intensywny deszcz, czy opady \u015bniegu lub gradu nie stanowi\u0105 dla niego wi\u0119kszego wyzwania. <\/strong>A co wi\u0119cej, z uwagi na jego wszechstronno\u015b\u0107 sprawdza si\u0119 w wielu r\u00f3\u017cnych rolach \u2013 nie tylko jako zadaszenie nad taras.<\/p>\n<p>Jednak poliw\u0119glan mo\u017cemy znale\u017a\u0107 w kilku r\u00f3\u017cnych wersjach. Popularnym rozwi\u0105zaniem jest do z\u0142udzenia przypominaj\u0105cy szk\u0142o, przezroczysty wariant kolorystyczny. Ale poza tym na rynku istniej\u0105 tak\u017ce daszki w odcieniach br\u0105zu czy szaro\u015bci, czyli dymione i mleczne. \u00a0Tutaj najcz\u0119\u015bciej kierujemy si\u0119 estetyk\u0105. W ko\u0144cu chcemy, aby zadaszenie dobrze pasowa\u0142o do elewacji, naszego stylu i samego tarasu. Oczywi\u015bcie jest to spora zaleta, poniewa\u017c mo\u017cemy go dopasowa\u0107 do tego, jakiego efektu oczekujemy. <strong>Natomiast w praktyce kolory maj\u0105 znaczenie nie tylko w kwestii designu. Wp\u0142ywaj\u0105 r\u00f3wnie\u017c na funkcjonalno\u015b\u0107 samych daszk\u00f3w.<\/strong><\/p>\n<h3><strong>Czym r\u00f3\u017cni si\u0119 poliw\u0119glan przezroczysty od mlecznego?<\/strong><\/h3>\n<p>Bardzo cz\u0119sto dylemat podczas wyboru zadaszenia nad taras dotyczy poliw\u0119glanu przezroczystego i mlecznego. A wi\u0119c, kt\u00f3ry lepiej wybra\u0107?<\/p>\n<p>Daszek wykonany z przezroczystego poliw\u0119glanu to doskona\u0142y wyb\u00f3r dla tych, kt\u00f3rzy nie chc\u0105 rezygnowa\u0107 z widoku nieba nad g\u0142ow\u0105, a jednocze\u015bnie pragn\u0105 skutecznej ochrony przed deszczem. To, co wyr\u00f3\u017cnia ten materia\u0142, to efekt otwartej przestrzeni. <strong>Jego maksymalna przejrzysto\u015b\u0107 pozwala na swobodne obserwowanie otoczenia, jednocze\u015bnie chroni\u0105c przed niekorzystnymi warunkami atmosferycznymi<\/strong>. Takie rozwi\u0105zanie sprawdza si\u0119 szczeg\u00f3lnie dobrze w przypadku ma\u0142ych taras\u00f3w. Rezygnacja z widoku otwartej przestrzeni mog\u0142aby sprawi\u0107, \u017ce taras wydawa\u0142by si\u0119 jeszcze mniejszy i bardziej ciasny, co z pewno\u015bci\u0105 nie sprzyja relaksowi.<\/p>\n<p>A jak wygl\u0105da sytuacja z poliw\u0119glanem mlecznym? To, co przyci\u0105ga do niego wiele os\u00f3b, to jego zdolno\u015b\u0107 do rozpraszania \u015bwiat\u0142a. Dzi\u0119ki temu o\u015bwietlenie staje si\u0119 bardziej mi\u0119kkie, co znacz\u0105co zwi\u0119ksza komfort podczas relaksu w letnie, s\u0142oneczne dni. <strong>Mo\u017cesz zapomnie\u0107 o o\u015blepiaj\u0105cym blasku, co sprawia, \u017ce poliw\u0119glan mleczny jest doskona\u0142ym wyborem dla tych, kt\u00f3rzy chc\u0105 korzysta\u0107 z ka\u017cdego ciep\u0142ego dnia. <\/strong>Je\u015bli latem preferujesz sp\u0119dza\u0107 czas na tarasie, wybierz daszek <a href=\"https:\/\/arctom.pl\/p\/daszek-larus-xl-antracyt-ral-7016-poliweglan-komorowy-antracytowy\/\">Larus XL<\/a> w wersji antracytowej.<\/p>\n<h3><strong>Czy poliw\u0119glan dymiony to dobry pomys\u0142?<\/strong><\/h3>\n<p>Poliw\u0119glan dymiony cz\u0119sto mylony jest z mlecznym, poniewa\u017c wiele os\u00f3b uwa\u017ca, \u017ce to to samo. W rzeczywisto\u015bci te dwa rodzaje daszk\u00f3w r\u00f3\u017cni\u0105 si\u0119 od siebie. Na pierwszy rzut oka mog\u0105 wygl\u0105da\u0107 podobnie i dziel\u0105 kilka cech, na przyk\u0142ad oba w pewnym stopniu blokuj\u0105 \u015bwiat\u0142o<strong>. G\u0142\u00f3wna r\u00f3\u017cnica polega na tym, \u017ce poliw\u0119glan mleczny rozprasza \u015bwiat\u0142o, podczas gdy dymiony praktycznie ca\u0142kowicie je blokuje<\/strong>. W rezultacie taras z dymionym zadaszeniem jest bardziej zacieniony i staje si\u0119 ciemniejszy. Co wi\u0119cej, to rozwi\u0105zanie przek\u0142ada si\u0119 tak\u017ce na mniejsze nagrzewanie powierzchni. Z kolei poliw\u0119glan mleczny pozwala na unikni\u0119cie ra\u017c\u0105cego s\u0142o\u0144ca, a jednocze\u015bnie teren pozostaje jasny.<\/p>\n<p>Co do blokowania s\u0142o\u0144ca, warto te\u017c wspomnie\u0107, \u017ce oba rodzaje w taki samym stopniu redukuj\u0105 szkodliwe promieniowanie UV. W kwestii estetyki \u2013 daszki z poliw\u0119glanem dymionym s\u0105 szczeg\u00f3lnie eleganckie. Modele takie, jak <a href=\"https:\/\/arctom.pl\/p\/daszek-arcus-70-bialy-ral-9016-poliweglan-komorowy-antracytowy-70-cm\/\">Arcus<\/a> nadaj\u0105 przytulnego, klasycznego charakteru. Za to mleczne sprawiaj\u0105 wra\u017cenie l\u017cejszych.<\/p>\n<h3><strong>Kolor poliw\u0119glanu a taras<\/strong><\/h3>\n<p>Kt\u00f3ry z nich najlepiej sprawdzi si\u0119 jako zadaszenie nad tarasem? Na to pytanie trudno jest udzieli\u0107 jednoznacznej odpowiedzi. <strong>Wszystko tak naprawd\u0119 zale\u017cy od Twoich potrzeb oraz oczekiwanego efektu<\/strong>. Na pocz\u0105tek upewnij si\u0119, jak du\u017cy jest Tw\u00f3j taras. Je\u015bli jest raczej niewielki, lepszym wyborem b\u0119dzie daszek z przezroczystego poliw\u0119glanu. Dzi\u0119ki niemu przestrze\u0144 nie zostanie zamkni\u0119ta, a miejsce do odpoczynku nie b\u0119dzie wydawa\u0107 si\u0119 optycznie ciasne.<\/p>\n<p><strong>Je\u015bli jednak metra\u017c nie stanowi dla Ciebie problemu, wyb\u00f3r zale\u017cy od Twojego gustu i tego, jak du\u017co s\u0142o\u0144ca chcesz wpu\u015bci\u0107 na taras.<\/strong> Je\u015bli zale\u017cy Ci jedynie na schronieniu przed deszczem, mo\u017cesz postawi\u0107 na przezroczysty daszek. Natomiast je\u015bli chcesz nieco ograniczy\u0107 nas\u0142onecznienie, rozwa\u017c wyb\u00f3r mi\u0119dzy dymionym a mlecznym. Poliw\u0119glan dymiony blokuje \u015bwiat\u0142o do takiego stopnia, \u017ce powstaje cie\u0144. G\u0142\u00f3wna r\u00f3\u017cnica mi\u0119dzy tymi dwoma opcjami to kwestia estetyczna: klasyczna elegancja czy uniwersalna lekko\u015b\u0107? Postaw na taki daszek, kt\u00f3ry w 100% spe\u0142ni Twoje oczekiwania.<\/p>\n","protected":false},"excerpt":{"rendered":"<p>Zastanawiasz si\u0119 nad zakupem daszku nad taras? To \u015bwietny pomys\u0142! Po zamontowaniu b\u0119dziesz m\u00f3g\u0142 cieszy\u0107 si\u0119 wymarzonym relaksem na \u015bwie\u017cym<\/p>\n","protected":false},"author":4651,"featured_media":11132,"comment_status":"open","ping_status":"open","sticky":false,"template":"","format":"standard","meta":{"footnotes":""},"categories":[252],"tags":[288,289,257],"class_list":["post-11131","post","type-post","status-publish","format-standard","has-post-thumbnail","hentry","category-blog","tag-daszek-nad-taras","tag-wybor-daszka-nad-drzwi","tag-zadaszenie-tarasu"],"yoast_head":"<!-- This site is optimized with the Yoast SEO plugin v27.4 - https:\/\/yoast.com\/product\/yoast-seo-wordpress\/ -->\n<title>Poliw\u0119glan mleczny, dymiony czy przezroczysty? Jaki kolor daszku wybra\u0107 na taras? - Arctom<\/title>\n<meta name=\"description\" content=\"Zastanawiasz si\u0119 nad zakupem daszku nad taras? Zanim jednak podejmiesz decyzj\u0119, na jaki model si\u0119 zdecydowa\u0107, warto pozna\u0107 r\u00f3\u017cnice mi\u0119dzy nimi.\" \/>\n<meta name=\"robots\" content=\"index, follow, max-snippet:-1, max-image-preview:large, max-video-preview:-1\" \/>\n<link rel=\"canonical\" href=\"https:\/\/arctom.pl\/fr\/blog\/poliweglan-mleczny-dymiony-czy-przezroczysty-jaki-kolor-daszku-wybrac-na-taras\/\" \/>\n<meta property=\"og:locale\" content=\"fr_FR\" \/>\n<meta property=\"og:type\" content=\"article\" \/>\n<meta property=\"og:title\" content=\"Poliw\u0119glan mleczny, dymiony czy przezroczysty? Jaki kolor daszku wybra\u0107 na taras? - Arctom\" \/>\n<meta property=\"og:description\" content=\"Zastanawiasz si\u0119 nad zakupem daszku nad taras? Zanim jednak podejmiesz decyzj\u0119, na jaki model si\u0119 zdecydowa\u0107, warto pozna\u0107 r\u00f3\u017cnice mi\u0119dzy nimi.\" \/>\n<meta property=\"og:url\" content=\"https:\/\/arctom.pl\/fr\/blog\/poliweglan-mleczny-dymiony-czy-przezroczysty-jaki-kolor-daszku-wybrac-na-taras\/\" \/>\n<meta property=\"og:site_name\" content=\"Arctom\" \/>\n<meta property=\"article:published_time\" content=\"2024-10-14T09:50:40+00:00\" \/>\n<meta property=\"og:image\" content=\"https:\/\/arctom.pl\/wp-content\/uploads\/2024\/10\/Arctom-blog-2-1-1024x576.png\" \/>\n\t<meta property=\"og:image:width\" content=\"1024\" \/>\n\t<meta property=\"og:image:height\" content=\"576\" \/>\n\t<meta property=\"og:image:type\" content=\"image\/png\" \/>\n<meta name=\"author\" content=\"Patrycja\" \/>\n<meta name=\"twitter:card\" content=\"summary_large_image\" \/>\n<meta name=\"twitter:label1\" content=\"\u00c9crit par\" \/>\n\t<meta name=\"twitter:data1\" content=\"Patrycja\" \/>\n\t<meta name=\"twitter:label2\" content=\"Dur\u00e9e de lecture estim\u00e9e\" \/>\n\t<meta name=\"twitter:data2\" content=\"5 minutes\" \/>\n<script type=\"application\/ld+json\" class=\"yoast-schema-graph\">{\"@context\":\"https:\\\/\\\/schema.org\",\"@graph\":[{\"@type\":\"Article\",\"@id\":\"https:\\\/\\\/arctom.pl\\\/fr\\\/blog\\\/poliweglan-mleczny-dymiony-czy-przezroczysty-jaki-kolor-daszku-wybrac-na-taras\\\/#article\",\"isPartOf\":{\"@id\":\"https:\\\/\\\/arctom.pl\\\/fr\\\/blog\\\/poliweglan-mleczny-dymiony-czy-przezroczysty-jaki-kolor-daszku-wybrac-na-taras\\\/\"},\"author\":{\"name\":\"Patrycja\",\"@id\":\"https:\\\/\\\/arctom.pl\\\/fr\\\/#\\\/schema\\\/person\\\/51467c4ea48682286fe376f37f8cba9b\"},\"headline\":\"Poliw\u0119glan mleczny, dymiony czy przezroczysty? Jaki kolor daszku wybra\u0107 na taras?\",\"datePublished\":\"2024-10-14T09:50:40+00:00\",\"mainEntityOfPage\":{\"@id\":\"https:\\\/\\\/arctom.pl\\\/fr\\\/blog\\\/poliweglan-mleczny-dymiony-czy-przezroczysty-jaki-kolor-daszku-wybrac-na-taras\\\/\"},\"wordCount\":848,\"commentCount\":0,\"publisher\":{\"@id\":\"https:\\\/\\\/arctom.pl\\\/fr\\\/#organization\"},\"image\":{\"@id\":\"https:\\\/\\\/arctom.pl\\\/fr\\\/blog\\\/poliweglan-mleczny-dymiony-czy-przezroczysty-jaki-kolor-daszku-wybrac-na-taras\\\/#primaryimage\"},\"thumbnailUrl\":\"https:\\\/\\\/arctom.pl\\\/wp-content\\\/uploads\\\/2024\\\/10\\\/Arctom-blog-2-1.png\",\"keywords\":[\"daszek nad taras\",\"wyb\u00f3r daszka nad drzwi\",\"Zadaszenie tarasu\"],\"articleSection\":[\"Blog\"],\"inLanguage\":\"fr-FR\",\"potentialAction\":[{\"@type\":\"CommentAction\",\"name\":\"Comment\",\"target\":[\"https:\\\/\\\/arctom.pl\\\/fr\\\/blog\\\/poliweglan-mleczny-dymiony-czy-przezroczysty-jaki-kolor-daszku-wybrac-na-taras\\\/#respond\"]}]},{\"@type\":\"WebPage\",\"@id\":\"https:\\\/\\\/arctom.pl\\\/fr\\\/blog\\\/poliweglan-mleczny-dymiony-czy-przezroczysty-jaki-kolor-daszku-wybrac-na-taras\\\/\",\"url\":\"https:\\\/\\\/arctom.pl\\\/fr\\\/blog\\\/poliweglan-mleczny-dymiony-czy-przezroczysty-jaki-kolor-daszku-wybrac-na-taras\\\/\",\"name\":\"Poliw\u0119glan mleczny, dymiony czy przezroczysty? Jaki kolor daszku wybra\u0107 na taras? - Arctom\",\"isPartOf\":{\"@id\":\"https:\\\/\\\/arctom.pl\\\/fr\\\/#website\"},\"primaryImageOfPage\":{\"@id\":\"https:\\\/\\\/arctom.pl\\\/fr\\\/blog\\\/poliweglan-mleczny-dymiony-czy-przezroczysty-jaki-kolor-daszku-wybrac-na-taras\\\/#primaryimage\"},\"image\":{\"@id\":\"https:\\\/\\\/arctom.pl\\\/fr\\\/blog\\\/poliweglan-mleczny-dymiony-czy-przezroczysty-jaki-kolor-daszku-wybrac-na-taras\\\/#primaryimage\"},\"thumbnailUrl\":\"https:\\\/\\\/arctom.pl\\\/wp-content\\\/uploads\\\/2024\\\/10\\\/Arctom-blog-2-1.png\",\"datePublished\":\"2024-10-14T09:50:40+00:00\",\"description\":\"Zastanawiasz si\u0119 nad zakupem daszku nad taras? Zanim jednak podejmiesz decyzj\u0119, na jaki model si\u0119 zdecydowa\u0107, warto pozna\u0107 r\u00f3\u017cnice mi\u0119dzy nimi.\",\"breadcrumb\":{\"@id\":\"https:\\\/\\\/arctom.pl\\\/fr\\\/blog\\\/poliweglan-mleczny-dymiony-czy-przezroczysty-jaki-kolor-daszku-wybrac-na-taras\\\/#breadcrumb\"},\"inLanguage\":\"fr-FR\",\"potentialAction\":[{\"@type\":\"ReadAction\",\"target\":[\"https:\\\/\\\/arctom.pl\\\/fr\\\/blog\\\/poliweglan-mleczny-dymiony-czy-przezroczysty-jaki-kolor-daszku-wybrac-na-taras\\\/\"]}]},{\"@type\":\"ImageObject\",\"inLanguage\":\"fr-FR\",\"@id\":\"https:\\\/\\\/arctom.pl\\\/fr\\\/blog\\\/poliweglan-mleczny-dymiony-czy-przezroczysty-jaki-kolor-daszku-wybrac-na-taras\\\/#primaryimage\",\"url\":\"https:\\\/\\\/arctom.pl\\\/wp-content\\\/uploads\\\/2024\\\/10\\\/Arctom-blog-2-1.png\",\"contentUrl\":\"https:\\\/\\\/arctom.pl\\\/wp-content\\\/uploads\\\/2024\\\/10\\\/Arctom-blog-2-1.png\",\"width\":2560,\"height\":1440,\"caption\":\"Arctom - jaki daszek wybra\u0107 na zadaszenie tarasu?\"},{\"@type\":\"BreadcrumbList\",\"@id\":\"https:\\\/\\\/arctom.pl\\\/fr\\\/blog\\\/poliweglan-mleczny-dymiony-czy-przezroczysty-jaki-kolor-daszku-wybrac-na-taras\\\/#breadcrumb\",\"itemListElement\":[{\"@type\":\"ListItem\",\"position\":1,\"name\":\"Arctom\",\"item\":\"https:\\\/\\\/arctom.pl\\\/fr\\\/\"},{\"@type\":\"ListItem\",\"position\":2,\"name\":\"Blog\",\"item\":\"https:\\\/\\\/arctom.pl\\\/kat\\\/blog\\\/\"},{\"@type\":\"ListItem\",\"position\":3,\"name\":\"Poliw\u0119glan mleczny, dymiony czy przezroczysty? Jaki kolor daszku wybra\u0107 na taras?\"}]},{\"@type\":\"WebSite\",\"@id\":\"https:\\\/\\\/arctom.pl\\\/fr\\\/#website\",\"url\":\"https:\\\/\\\/arctom.pl\\\/fr\\\/\",\"name\":\"Arctom\",\"description\":\"\",\"publisher\":{\"@id\":\"https:\\\/\\\/arctom.pl\\\/fr\\\/#organization\"},\"potentialAction\":[{\"@type\":\"SearchAction\",\"target\":{\"@type\":\"EntryPoint\",\"urlTemplate\":\"https:\\\/\\\/arctom.pl\\\/fr\\\/?s={search_term_string}\"},\"query-input\":{\"@type\":\"PropertyValueSpecification\",\"valueRequired\":true,\"valueName\":\"search_term_string\"}}],\"inLanguage\":\"fr-FR\"},{\"@type\":\"Organization\",\"@id\":\"https:\\\/\\\/arctom.pl\\\/fr\\\/#organization\",\"name\":\"Arctom\",\"url\":\"https:\\\/\\\/arctom.pl\\\/fr\\\/\",\"logo\":{\"@type\":\"ImageObject\",\"inLanguage\":\"fr-FR\",\"@id\":\"https:\\\/\\\/arctom.pl\\\/fr\\\/#\\\/schema\\\/logo\\\/image\\\/\",\"url\":\"https:\\\/\\\/arctom.pl\\\/wp-content\\\/uploads\\\/2023\\\/11\\\/arctom-logo.png\",\"contentUrl\":\"https:\\\/\\\/arctom.pl\\\/wp-content\\\/uploads\\\/2023\\\/11\\\/arctom-logo.png\",\"width\":171,\"height\":62,\"caption\":\"Arctom\"},\"image\":{\"@id\":\"https:\\\/\\\/arctom.pl\\\/fr\\\/#\\\/schema\\\/logo\\\/image\\\/\"}},{\"@type\":\"Person\",\"@id\":\"https:\\\/\\\/arctom.pl\\\/fr\\\/#\\\/schema\\\/person\\\/51467c4ea48682286fe376f37f8cba9b\",\"name\":\"Patrycja\",\"image\":{\"@type\":\"ImageObject\",\"inLanguage\":\"fr-FR\",\"@id\":\"https:\\\/\\\/secure.gravatar.com\\\/avatar\\\/7c37283748b62bb21affee70f751e75b04d527b2d023e14cdffee17064819ea3?s=96&d=mm&r=g\",\"url\":\"https:\\\/\\\/secure.gravatar.com\\\/avatar\\\/7c37283748b62bb21affee70f751e75b04d527b2d023e14cdffee17064819ea3?s=96&d=mm&r=g\",\"contentUrl\":\"https:\\\/\\\/secure.gravatar.com\\\/avatar\\\/7c37283748b62bb21affee70f751e75b04d527b2d023e14cdffee17064819ea3?s=96&d=mm&r=g\",\"caption\":\"Patrycja\"}}]}<\/script>\n<!-- \/ Yoast SEO plugin. -->","yoast_head_json":{"title":"Poliw\u0119glan mleczny, dymiony czy przezroczysty? Jaki kolor daszku wybra\u0107 na taras? - Arctom","description":"Zastanawiasz si\u0119 nad zakupem daszku nad taras? Zanim jednak podejmiesz decyzj\u0119, na jaki model si\u0119 zdecydowa\u0107, warto pozna\u0107 r\u00f3\u017cnice mi\u0119dzy nimi.","robots":{"index":"index","follow":"follow","max-snippet":"max-snippet:-1","max-image-preview":"max-image-preview:large","max-video-preview":"max-video-preview:-1"},"canonical":"https:\/\/arctom.pl\/fr\/blog\/poliweglan-mleczny-dymiony-czy-przezroczysty-jaki-kolor-daszku-wybrac-na-taras\/","og_locale":"fr_FR","og_type":"article","og_title":"Poliw\u0119glan mleczny, dymiony czy przezroczysty? Jaki kolor daszku wybra\u0107 na taras? - Arctom","og_description":"Zastanawiasz si\u0119 nad zakupem daszku nad taras? Zanim jednak podejmiesz decyzj\u0119, na jaki model si\u0119 zdecydowa\u0107, warto pozna\u0107 r\u00f3\u017cnice mi\u0119dzy nimi.","og_url":"https:\/\/arctom.pl\/fr\/blog\/poliweglan-mleczny-dymiony-czy-przezroczysty-jaki-kolor-daszku-wybrac-na-taras\/","og_site_name":"Arctom","article_published_time":"2024-10-14T09:50:40+00:00","og_image":[{"width":1024,"height":576,"url":"https:\/\/arctom.pl\/wp-content\/uploads\/2024\/10\/Arctom-blog-2-1-1024x576.png","type":"image\/png"}],"author":"Patrycja","twitter_card":"summary_large_image","twitter_misc":{"\u00c9crit par":"Patrycja","Dur\u00e9e de lecture estim\u00e9e":"5 minutes"},"schema":{"@context":"https:\/\/schema.org","@graph":[{"@type":"Article","@id":"https:\/\/arctom.pl\/fr\/blog\/poliweglan-mleczny-dymiony-czy-przezroczysty-jaki-kolor-daszku-wybrac-na-taras\/#article","isPartOf":{"@id":"https:\/\/arctom.pl\/fr\/blog\/poliweglan-mleczny-dymiony-czy-przezroczysty-jaki-kolor-daszku-wybrac-na-taras\/"},"author":{"name":"Patrycja","@id":"https:\/\/arctom.pl\/fr\/#\/schema\/person\/51467c4ea48682286fe376f37f8cba9b"},"headline":"Poliw\u0119glan mleczny, dymiony czy przezroczysty? Jaki kolor daszku wybra\u0107 na taras?","datePublished":"2024-10-14T09:50:40+00:00","mainEntityOfPage":{"@id":"https:\/\/arctom.pl\/fr\/blog\/poliweglan-mleczny-dymiony-czy-przezroczysty-jaki-kolor-daszku-wybrac-na-taras\/"},"wordCount":848,"commentCount":0,"publisher":{"@id":"https:\/\/arctom.pl\/fr\/#organization"},"image":{"@id":"https:\/\/arctom.pl\/fr\/blog\/poliweglan-mleczny-dymiony-czy-przezroczysty-jaki-kolor-daszku-wybrac-na-taras\/#primaryimage"},"thumbnailUrl":"https:\/\/arctom.pl\/wp-content\/uploads\/2024\/10\/Arctom-blog-2-1.png","keywords":["daszek nad taras","wyb\u00f3r daszka nad drzwi","Zadaszenie tarasu"],"articleSection":["Blog"],"inLanguage":"fr-FR","potentialAction":[{"@type":"CommentAction","name":"Comment","target":["https:\/\/arctom.pl\/fr\/blog\/poliweglan-mleczny-dymiony-czy-przezroczysty-jaki-kolor-daszku-wybrac-na-taras\/#respond"]}]},{"@type":"WebPage","@id":"https:\/\/arctom.pl\/fr\/blog\/poliweglan-mleczny-dymiony-czy-przezroczysty-jaki-kolor-daszku-wybrac-na-taras\/","url":"https:\/\/arctom.pl\/fr\/blog\/poliweglan-mleczny-dymiony-czy-przezroczysty-jaki-kolor-daszku-wybrac-na-taras\/","name":"Poliw\u0119glan mleczny, dymiony czy przezroczysty? Jaki kolor daszku wybra\u0107 na taras? - Arctom","isPartOf":{"@id":"https:\/\/arctom.pl\/fr\/#website"},"primaryImageOfPage":{"@id":"https:\/\/arctom.pl\/fr\/blog\/poliweglan-mleczny-dymiony-czy-przezroczysty-jaki-kolor-daszku-wybrac-na-taras\/#primaryimage"},"image":{"@id":"https:\/\/arctom.pl\/fr\/blog\/poliweglan-mleczny-dymiony-czy-przezroczysty-jaki-kolor-daszku-wybrac-na-taras\/#primaryimage"},"thumbnailUrl":"https:\/\/arctom.pl\/wp-content\/uploads\/2024\/10\/Arctom-blog-2-1.png","datePublished":"2024-10-14T09:50:40+00:00","description":"Zastanawiasz si\u0119 nad zakupem daszku nad taras? Zanim jednak podejmiesz decyzj\u0119, na jaki model si\u0119 zdecydowa\u0107, warto pozna\u0107 r\u00f3\u017cnice mi\u0119dzy nimi.","breadcrumb":{"@id":"https:\/\/arctom.pl\/fr\/blog\/poliweglan-mleczny-dymiony-czy-przezroczysty-jaki-kolor-daszku-wybrac-na-taras\/#breadcrumb"},"inLanguage":"fr-FR","potentialAction":[{"@type":"ReadAction","target":["https:\/\/arctom.pl\/fr\/blog\/poliweglan-mleczny-dymiony-czy-przezroczysty-jaki-kolor-daszku-wybrac-na-taras\/"]}]},{"@type":"ImageObject","inLanguage":"fr-FR","@id":"https:\/\/arctom.pl\/fr\/blog\/poliweglan-mleczny-dymiony-czy-przezroczysty-jaki-kolor-daszku-wybrac-na-taras\/#primaryimage","url":"https:\/\/arctom.pl\/wp-content\/uploads\/2024\/10\/Arctom-blog-2-1.png","contentUrl":"https:\/\/arctom.pl\/wp-content\/uploads\/2024\/10\/Arctom-blog-2-1.png","width":2560,"height":1440,"caption":"Arctom - jaki daszek wybra\u0107 na zadaszenie tarasu?"},{"@type":"BreadcrumbList","@id":"https:\/\/arctom.pl\/fr\/blog\/poliweglan-mleczny-dymiony-czy-przezroczysty-jaki-kolor-daszku-wybrac-na-taras\/#breadcrumb","itemListElement":[{"@type":"ListItem","position":1,"name":"Arctom","item":"https:\/\/arctom.pl\/fr\/"},{"@type":"ListItem","position":2,"name":"Blog","item":"https:\/\/arctom.pl\/kat\/blog\/"},{"@type":"ListItem","position":3,"name":"Poliw\u0119glan mleczny, dymiony czy przezroczysty? Jaki kolor daszku wybra\u0107 na taras?"}]},{"@type":"WebSite","@id":"https:\/\/arctom.pl\/fr\/#website","url":"https:\/\/arctom.pl\/fr\/","name":"Arctom","description":"","publisher":{"@id":"https:\/\/arctom.pl\/fr\/#organization"},"potentialAction":[{"@type":"SearchAction","target":{"@type":"EntryPoint","urlTemplate":"https:\/\/arctom.pl\/fr\/?s={search_term_string}"},"query-input":{"@type":"PropertyValueSpecification","valueRequired":true,"valueName":"search_term_string"}}],"inLanguage":"fr-FR"},{"@type":"Organization","@id":"https:\/\/arctom.pl\/fr\/#organization","name":"Arctom","url":"https:\/\/arctom.pl\/fr\/","logo":{"@type":"ImageObject","inLanguage":"fr-FR","@id":"https:\/\/arctom.pl\/fr\/#\/schema\/logo\/image\/","url":"https:\/\/arctom.pl\/wp-content\/uploads\/2023\/11\/arctom-logo.png","contentUrl":"https:\/\/arctom.pl\/wp-content\/uploads\/2023\/11\/arctom-logo.png","width":171,"height":62,"caption":"Arctom"},"image":{"@id":"https:\/\/arctom.pl\/fr\/#\/schema\/logo\/image\/"}},{"@type":"Person","@id":"https:\/\/arctom.pl\/fr\/#\/schema\/person\/51467c4ea48682286fe376f37f8cba9b","name":"Patrycja","image":{"@type":"ImageObject","inLanguage":"fr-FR","@id":"https:\/\/secure.gravatar.com\/avatar\/7c37283748b62bb21affee70f751e75b04d527b2d023e14cdffee17064819ea3?s=96&d=mm&r=g","url":"https:\/\/secure.gravatar.com\/avatar\/7c37283748b62bb21affee70f751e75b04d527b2d023e14cdffee17064819ea3?s=96&d=mm&r=g","contentUrl":"https:\/\/secure.gravatar.com\/avatar\/7c37283748b62bb21affee70f751e75b04d527b2d023e14cdffee17064819ea3?s=96&d=mm&r=g","caption":"Patrycja"}}]}},"_links":{"self":[{"href":"https:\/\/arctom.pl\/fr\/wp-json\/wp\/v2\/posts\/11131","targetHints":{"allow":["GET"]}}],"collection":[{"href":"https:\/\/arctom.pl\/fr\/wp-json\/wp\/v2\/posts"}],"about":[{"href":"https:\/\/arctom.pl\/fr\/wp-json\/wp\/v2\/types\/post"}],"author":[{"embeddable":true,"href":"https:\/\/arctom.pl\/fr\/wp-json\/wp\/v2\/users\/4651"}],"replies":[{"embeddable":true,"href":"https:\/\/arctom.pl\/fr\/wp-json\/wp\/v2\/comments?post=11131"}],"version-history":[{"count":1,"href":"https:\/\/arctom.pl\/fr\/wp-json\/wp\/v2\/posts\/11131\/revisions"}],"predecessor-version":[{"id":11134,"href":"https:\/\/arctom.pl\/fr\/wp-json\/wp\/v2\/posts\/11131\/revisions\/11134"}],"wp:featuredmedia":[{"embeddable":true,"href":"https:\/\/arctom.pl\/fr\/wp-json\/wp\/v2\/media\/11132"}],"wp:attachment":[{"href":"https:\/\/arctom.pl\/fr\/wp-json\/wp\/v2\/media?parent=11131"}],"wp:term":[{"taxonomy":"category","embeddable":true,"href":"https:\/\/arctom.pl\/fr\/wp-json\/wp\/v2\/categories?post=11131"},{"taxonomy":"post_tag","embeddable":true,"href":"https:\/\/arctom.pl\/fr\/wp-json\/wp\/v2\/tags?post=11131"}],"curies":[{"name":"wp","href":"https:\/\/api.w.org\/{rel}","templated":true}]}}